{"id":1246,"date":"2021-12-09T00:59:09","date_gmt":"2021-12-09T00:59:09","guid":{"rendered":"https:\/\/concejocuruzucuatia.gob.ar\/wp\/2021\/12\/09\/sesion-especial-se-les-tomo-juramento-a-las-autoridades-ejecutivas-electas\/"},"modified":"2021-12-09T00:59:09","modified_gmt":"2021-12-09T00:59:09","slug":"sesion-especial-se-les-tomo-juramento-a-las-autoridades-ejecutivas-electas","status":"publish","type":"post","link":"https:\/\/concejocuruzucuatia.gob.ar\/wp\/2021\/12\/09\/sesion-especial-se-les-tomo-juramento-a-las-autoridades-ejecutivas-electas\/","title":{"rendered":"Sesi\u00f3n Especial: Se les tom\u00f3 juramento a las autoridades ejecutivas electas"},"content":{"rendered":"<p><span style=\"font-size: 12.0pt; line-height: 115%; font-family: 'Arial','sans-serif'; color: black; mso-themecolor: text1;\"><img decoding=\"async\" src=\"images\/08122021-sesion-especial-1.JPG\" alt=\"\" \/><\/span><\/p>\n<p class=\"MsoNormal\"><span style=\"font-size: 12.0pt; line-height: 115%; font-family: 'Arial','sans-serif'; color: black; mso-themecolor: text1;\">El mi\u00e9rcoles por la tarde, frente al Palacio Municipal, se realiz\u00f3 la sesi\u00f3n especial de toma de juramento a las autoridades electas del Poder Ejecutivo Municipal.<\/span><\/p>\n<p>\u00a0<\/p>\n<p class=\"MsoNormal\" style=\"text-align: justify;\"><span style=\"font-size: 12.0pt; line-height: 115%; font-family: 'Arial','sans-serif'; color: black; mso-themecolor: text1;\">La presidente del HCD Mariel Naya Yrigoyen junto al secretario Dr. Fernando Dom\u00ednguez con la presencia de los Sres. concejales y la \u00fanica ausencia de la concejal Rosa Marchi dieron inicio a la sesi\u00f3n del d\u00eda de la fecha.<\/span><\/p>\n<p>\u00a0<\/p>\n<p class=\"MsoNormal\" style=\"text-align: justify;\"><span style=\"font-size: 12.0pt; line-height: 115%; font-family: 'Arial','sans-serif'; color: black; mso-themecolor: text1;\">Primeramente la presidente solicit\u00f3 un minuto de silencio en memoria del Dr. Luis Tripaldi fallecido hace poco tiempo.<\/span><\/p>\n<p>\u00a0<\/p>\n<p class=\"MsoNormal\" style=\"text-align: justify;\"><span style=\"font-size: 12.0pt; line-height: 115%; font-family: 'Arial','sans-serif'; color: black; mso-themecolor: text1;\"><span style=\"mso-spacerun: yes;\">\u00a0<\/span>A continuaci\u00f3n invit\u00f3 al intendente Jos\u00e9 Irigoyen y al vice intendente Guillemo Morandini a que los acompa\u00f1en en el estrado. <\/span><\/p>\n<p>\u00a0<\/p>\n<p class=\"MsoNormal\" style=\"text-align: justify;\"><span style=\"font-size: 12.0pt; line-height: 115%; font-family: 'Arial','sans-serif'; color: black; mso-themecolor: text1;\">Puesto a consideraci\u00f3n el orden del d\u00eda fue aprobado un\u00e1nimemente. El primer punto fue la entonaci\u00f3n de las estrofas del Himno Nacional Argentino.<\/span><\/p>\n<p>\u00a0<\/p>\n<p class=\"MsoNormal\" style=\"text-align: justify;\"><span style=\"font-size: 12.0pt; line-height: 115%; font-family: 'Arial','sans-serif'; color: black; mso-themecolor: text1;\">Siguiendo con el orden del d\u00eda se dio lectura del escrutinio definitivo de las elecciones municipales del d\u00eda 29 de agosto de 2021, para el cargo de Intendente y Vice intendente.<\/span><\/p>\n<p>\u00a0<\/p>\n<p class=\"MsoNormal\" style=\"text-align: justify;\"><span style=\"font-size: 12.0pt; line-height: 115%; font-family: 'Arial','sans-serif'; color: black; mso-themecolor: text1;\">El 3 punto fue la lectura a cargo de secretar\u00eda del acta N\u00b0 092 del d\u00eda 27 de octubre del 2021, remitida por la Junta Electoral de la Provincia de Corrientes, proclamaci\u00f3n de Intendente y Vice intendente electos para la ciudad de Curuz\u00fa Cuati\u00e1.<\/span><\/p>\n<p>\u00a0<\/p>\n<p class=\"MsoNormal\" style=\"text-align: justify;\"><span style=\"font-size: 12.0pt; line-height: 115%; font-family: 'Arial','sans-serif'; color: black; mso-themecolor: text1;\">Dando continuidad, se tom\u00f3 juramento y toma de posesi\u00f3n del cargo al Intendente electo Dr. Jos\u00e9 Irigoyen y entrega del diploma remitido por la junta Electoral de la Provincia. Tambi\u00e9n se hizo entrega de la vara de Alcalde y la colocaci\u00f3n de la banda por parte de la presidente del Concejo Deliberante Mariel Naya Yrigoyen<\/span><\/p>\n<p>\u00a0<\/p>\n<p class=\"MsoNormal\" style=\"text-align: justify;\"><span style=\"font-size: 12.0pt; line-height: 115%; font-family: 'Arial','sans-serif'; color: black; mso-themecolor: text1;\">Luego el Juramento y toma de posesi\u00f3n del cargo del Vice intendente electo al Sr.<span style=\"mso-spacerun: yes;\">\u00a0 <\/span>Guillermo Morandini, y entrega del diploma remitido por la Junta Electoral de la provincia.<\/span><\/p>\n<p>\u00a0<\/p>\n<p class=\"MsoNormal\" style=\"text-align: justify;\"><span style=\"font-size: 12.0pt; line-height: 115%; font-family: 'Arial','sans-serif'; color: black; mso-themecolor: text1;\">Seguidamente se escucharon las palabras del Vice intendente Municipal, primeramente y del Intendente Jos\u00e9 Miguel Irigoyen. En el cierre, se enton\u00f3 la canci\u00f3n a Curuz\u00fa<span style=\"mso-spacerun: yes;\">\u00a0 <\/span>Cuati\u00e1.<\/span><\/p>\n<p><img decoding=\"async\" src=\"images\/08122021-sesion-especial-5.JPG\" alt=\"\" \/><\/p>\n<p><img decoding=\"async\" src=\"images\/08122021-sesion-especial-6.JPG\" alt=\"\" \/><\/p>\n<p>\u00a0<\/p>\n<p>\u00a0<\/p>\n","protected":false},"excerpt":{"rendered":"<p><span style=\"font-size: 12.0pt; line-height: 115%; font-family: 'Arial','sans-serif'; color: black; mso-themecolor: text1;\"><img decoding=\"async\" src=\"images\/08122021-sesion-especial-1.JPG\" alt=\"\" \/><\/span><\/p>\n<p class=\"MsoNormal\"><span style=\"font-size: 12.0pt; line-height: 115%; font-family: 'Arial','sans-serif'; color: black; mso-themecolor: text1;\">El mi\u00e9rcoles por la tarde, frente al Palacio Municipal, se realiz\u00f3 la sesi\u00f3n especial de toma de juramento a las autoridades electas del Poder Ejecutivo Municipal.<\/span><\/p>\n","protected":false},"author":1,"featured_media":1245,"comment_status":"open","ping_status":"open","sticky":false,"template":"","format":"standard","meta":{"footnotes":""},"categories":[3],"tags":[],"class_list":["post-1246","post","type-post","status-publish","format-standard","has-post-thumbnail","hentry","category-uncategorised"],"brizy_media":[],"_links":{"self":[{"href":"https:\/\/concejocuruzucuatia.gob.ar\/wp\/wp-json\/wp\/v2\/posts\/1246","targetHints":{"allow":["GET"]}}],"collection":[{"href":"https:\/\/concejocuruzucuatia.gob.ar\/wp\/wp-json\/wp\/v2\/posts"}],"about":[{"href":"https:\/\/concejocuruzucuatia.gob.ar\/wp\/wp-json\/wp\/v2\/types\/post"}],"author":[{"embeddable":true,"href":"https:\/\/concejocuruzucuatia.gob.ar\/wp\/wp-json\/wp\/v2\/users\/1"}],"replies":[{"embeddable":true,"href":"https:\/\/concejocuruzucuatia.gob.ar\/wp\/wp-json\/wp\/v2\/comments?post=1246"}],"version-history":[{"count":0,"href":"https:\/\/concejocuruzucuatia.gob.ar\/wp\/wp-json\/wp\/v2\/posts\/1246\/revisions"}],"wp:featuredmedia":[{"embeddable":true,"href":"https:\/\/concejocuruzucuatia.gob.ar\/wp\/wp-json\/wp\/v2\/media\/1245"}],"wp:attachment":[{"href":"https:\/\/concejocuruzucuatia.gob.ar\/wp\/wp-json\/wp\/v2\/media?parent=1246"}],"wp:term":[{"taxonomy":"category","embeddable":true,"href":"https:\/\/concejocuruzucuatia.gob.ar\/wp\/wp-json\/wp\/v2\/categories?post=1246"},{"taxonomy":"post_tag","embeddable":true,"href":"https:\/\/concejocuruzucuatia.gob.ar\/wp\/wp-json\/wp\/v2\/tags?post=1246"}],"curies":[{"name":"wp","href":"https:\/\/api.w.org\/{rel}","templated":true}]}}