{"id":1231,"date":"2021-10-29T13:03:50","date_gmt":"2021-10-29T13:03:50","guid":{"rendered":"https:\/\/concejocuruzucuatia.gob.ar\/wp\/2021\/10\/29\/se-hizo-entrega-del-certificado-de-ciudadana-ilustre-a-la-profesora-adela-esperanza-villegas-de-orue\/"},"modified":"2021-10-29T13:03:50","modified_gmt":"2021-10-29T13:03:50","slug":"se-hizo-entrega-del-certificado-de-ciudadana-ilustre-a-la-profesora-adela-esperanza-villegas-de-orue","status":"publish","type":"post","link":"https:\/\/concejocuruzucuatia.gob.ar\/wp\/2021\/10\/29\/se-hizo-entrega-del-certificado-de-ciudadana-ilustre-a-la-profesora-adela-esperanza-villegas-de-orue\/","title":{"rendered":"Se hizo entrega del certificado de Ciudadana Ilustre a la Profesora Adela Esperanza Villegas de Oru\u00e9"},"content":{"rendered":"<p><img decoding=\"async\" src=\"images\/291021-ciudadana-ilustre.JPG\" alt=\"\" \/><\/p>\n<p>En el acto inaugural de la X Feria del Libro\u00a0 se hicieron entrega de distinciones, entre ellas por parte de la Presidente del HCD, Mariel Naya Yrigoyen la Ordenanza N\u00b0 3334 la que declara como Ciudadana Ilustre de Curuz\u00fa Cuati\u00e1 a la profesora en Danzas y Artes\u00a0Adela Esperanza Villegas de Oru\u00e9.\u00a0<\/p>\n<p>La ordenanza se aprob\u00f3 de manera un\u00e1nime en la sesi\u00f3n celebrada el pasado 20 de octubre en el recinto de sesiones.<\/p>\n<p>En la entrega acompa\u00f1aron a la presidente, el Intendente Jose Miguel Irigoyen, los concejales Rosa Muller y Rodolfo Santini, el secretario de Gobierno Juan Lopez, la Secretaria de Finanzas Ver\u00f3nica Esp\u00edndola, la Directora de Cultura y Turismo Virginia Aguirre Talamona.\u00a0<\/p>\n","protected":false},"excerpt":{"rendered":"<p>En el acto inaugural de la X Feria del Libro\u00a0 se hicieron entrega de distinciones, entre ellas por parte de la Presidente del HCD, Mariel Naya Yrigoyen la Ordenanza N\u00b0 3334 la que declara como Ciudadana Ilustre de Curuz\u00fa Cuati\u00e1 a la profesora en Danzas y Artes\u00a0Adela Esperanza Villegas de Oru\u00e9.\u00a0 La ordenanza se aprob\u00f3 [&hellip;]<\/p>\n","protected":false},"author":1,"featured_media":1230,"comment_status":"open","ping_status":"open","sticky":false,"template":"","format":"standard","meta":{"footnotes":""},"categories":[3],"tags":[],"class_list":["post-1231","post","type-post","status-publish","format-standard","has-post-thumbnail","hentry","category-uncategorised"],"brizy_media":[],"_links":{"self":[{"href":"https:\/\/concejocuruzucuatia.gob.ar\/wp\/wp-json\/wp\/v2\/posts\/1231","targetHints":{"allow":["GET"]}}],"collection":[{"href":"https:\/\/concejocuruzucuatia.gob.ar\/wp\/wp-json\/wp\/v2\/posts"}],"about":[{"href":"https:\/\/concejocuruzucuatia.gob.ar\/wp\/wp-json\/wp\/v2\/types\/post"}],"author":[{"embeddable":true,"href":"https:\/\/concejocuruzucuatia.gob.ar\/wp\/wp-json\/wp\/v2\/users\/1"}],"replies":[{"embeddable":true,"href":"https:\/\/concejocuruzucuatia.gob.ar\/wp\/wp-json\/wp\/v2\/comments?post=1231"}],"version-history":[{"count":0,"href":"https:\/\/concejocuruzucuatia.gob.ar\/wp\/wp-json\/wp\/v2\/posts\/1231\/revisions"}],"wp:featuredmedia":[{"embeddable":true,"href":"https:\/\/concejocuruzucuatia.gob.ar\/wp\/wp-json\/wp\/v2\/media\/1230"}],"wp:attachment":[{"href":"https:\/\/concejocuruzucuatia.gob.ar\/wp\/wp-json\/wp\/v2\/media?parent=1231"}],"wp:term":[{"taxonomy":"category","embeddable":true,"href":"https:\/\/concejocuruzucuatia.gob.ar\/wp\/wp-json\/wp\/v2\/categories?post=1231"},{"taxonomy":"post_tag","embeddable":true,"href":"https:\/\/concejocuruzucuatia.gob.ar\/wp\/wp-json\/wp\/v2\/tags?post=1231"}],"curies":[{"name":"wp","href":"https:\/\/api.w.org\/{rel}","templated":true}]}}