{"id":1216,"date":"2021-09-29T14:19:13","date_gmt":"2021-09-29T14:19:13","guid":{"rendered":"https:\/\/concejocuruzucuatia.gob.ar\/wp\/2021\/09\/29\/la-presidente-del-hcd-acompano-a-las-autoridades-del-ejecutivo-en-la-recepcion-de-la-imagen-historica-de-nuestra-senora-del-pilar-en-el-palacio-municipal\/"},"modified":"2021-09-29T14:19:13","modified_gmt":"2021-09-29T14:19:13","slug":"la-presidente-del-hcd-acompano-a-las-autoridades-del-ejecutivo-en-la-recepcion-de-la-imagen-historica-de-nuestra-senora-del-pilar-en-el-palacio-municipal","status":"publish","type":"post","link":"https:\/\/concejocuruzucuatia.gob.ar\/wp\/2021\/09\/29\/la-presidente-del-hcd-acompano-a-las-autoridades-del-ejecutivo-en-la-recepcion-de-la-imagen-historica-de-nuestra-senora-del-pilar-en-el-palacio-municipal\/","title":{"rendered":"La presidente del HCD acompa\u00f1\u00f3 a las autoridades del Ejecutivo en la recepci\u00f3n de la imagen hist\u00f3rica de Nuestra Se\u00f1ora del Pilar en el Palacio Municipal"},"content":{"rendered":"<p class=\"MsoNormal\"><img decoding=\"async\" src=\"images\/290921-virgen-pilar-2.jpeg\" alt=\"\" \/><\/p>\n<p class=\"MsoNormal\"><span lang=\"ES-AR\">Cerca de las 10hs de este mi\u00e9rcoles 29 de septiembre, la Imagen Hist\u00f3rica de la Virgen de Nuestra Se\u00f1ora del Pilar fue trasladada desde la parroquia hasta el Palacio municipal d\u00f3nde fue recibida\u00a0\u00a0por las autoridades locales. La presidente Mariel Naya Yrigoyen junto al Intendente Irigoyen y el vice intendente Morandini ingresaron la misma al patio del municipio d\u00f3nde se la deposit\u00f3 por un tiempo.\u00a0\u00a0<\/span><\/p>\n<p class=\"MsoNormal\"><span lang=\"ES-AR\">Estuvieron presentes personal municipal que trabaj\u00f3 en primera l\u00ednea ante la pandemia de Covid, concejales, personal del Concejo Deliberante, funcionarios municipales.<\/span><\/p>\n<p class=\"MsoNormal\"><span lang=\"ES-AR\">El p\u00e1rroco Ariel Gim\u00e9nez realiz\u00f3 una breve ceremonia y bendijo a los presentes. Cabe recordar que el domingo 3 de octubre pr\u00f3ximo inicia la Novena en nombre de Nuestra Se\u00f1ora del pilar, y la imagen recorrer\u00e1 varias instituciones finalizando el d\u00eda 12 de octubre en el Hospital Civil desde d\u00f3nde se realizar\u00e1 a las 18hs una peregrinaci\u00f3n hasta la parroquia para celebrar su festividad con la ciudadan\u00eda de Curuz\u00fa Cuati\u00e1.<\/span><\/p>\n<p class=\"MsoNormal\"><span lang=\"ES-AR\"><img decoding=\"async\" src=\"images\/290921-virgen-pilar-1.jpeg\" alt=\"\" \/><\/span><\/p>\n<p class=\"MsoNormal\"><span lang=\"ES-AR\"><img decoding=\"async\" src=\"images\/290921-virgen-pilar-3.jpeg\" alt=\"\" \/><\/span><\/p>\n","protected":false},"excerpt":{"rendered":"<p class=\"MsoNormal\"><img decoding=\"async\" src=\"images\/290921-virgen-pilar-2.jpeg\" alt=\"\" \/><\/p>\n","protected":false},"author":1,"featured_media":1215,"comment_status":"open","ping_status":"open","sticky":false,"template":"","format":"standard","meta":{"footnotes":""},"categories":[15],"tags":[],"class_list":["post-1216","post","type-post","status-publish","format-standard","has-post-thumbnail","hentry","category-actividad-institucional"],"brizy_media":[],"_links":{"self":[{"href":"https:\/\/concejocuruzucuatia.gob.ar\/wp\/wp-json\/wp\/v2\/posts\/1216","targetHints":{"allow":["GET"]}}],"collection":[{"href":"https:\/\/concejocuruzucuatia.gob.ar\/wp\/wp-json\/wp\/v2\/posts"}],"about":[{"href":"https:\/\/concejocuruzucuatia.gob.ar\/wp\/wp-json\/wp\/v2\/types\/post"}],"author":[{"embeddable":true,"href":"https:\/\/concejocuruzucuatia.gob.ar\/wp\/wp-json\/wp\/v2\/users\/1"}],"replies":[{"embeddable":true,"href":"https:\/\/concejocuruzucuatia.gob.ar\/wp\/wp-json\/wp\/v2\/comments?post=1216"}],"version-history":[{"count":0,"href":"https:\/\/concejocuruzucuatia.gob.ar\/wp\/wp-json\/wp\/v2\/posts\/1216\/revisions"}],"wp:featuredmedia":[{"embeddable":true,"href":"https:\/\/concejocuruzucuatia.gob.ar\/wp\/wp-json\/wp\/v2\/media\/1215"}],"wp:attachment":[{"href":"https:\/\/concejocuruzucuatia.gob.ar\/wp\/wp-json\/wp\/v2\/media?parent=1216"}],"wp:term":[{"taxonomy":"category","embeddable":true,"href":"https:\/\/concejocuruzucuatia.gob.ar\/wp\/wp-json\/wp\/v2\/categories?post=1216"},{"taxonomy":"post_tag","embeddable":true,"href":"https:\/\/concejocuruzucuatia.gob.ar\/wp\/wp-json\/wp\/v2\/tags?post=1216"}],"curies":[{"name":"wp","href":"https:\/\/api.w.org\/{rel}","templated":true}]}}