{"id":1200,"date":"2021-08-17T13:37:14","date_gmt":"2021-08-17T13:37:14","guid":{"rendered":"https:\/\/concejocuruzucuatia.gob.ar\/wp\/2021\/08\/17\/se-reralizo-el-izamiento-de-la-bandera-nacional-en-plaza-gral-san-martin\/"},"modified":"2021-08-17T13:37:14","modified_gmt":"2021-08-17T13:37:14","slug":"se-reralizo-el-izamiento-de-la-bandera-nacional-en-plaza-gral-san-martin","status":"publish","type":"post","link":"https:\/\/concejocuruzucuatia.gob.ar\/wp\/2021\/08\/17\/se-reralizo-el-izamiento-de-la-bandera-nacional-en-plaza-gral-san-martin\/","title":{"rendered":"Se realiz\u00f3 el izamiento de la bandera nacional en Plaza Gral. San Mart\u00edn"},"content":{"rendered":"<p><img decoding=\"async\" src=\"images\/210821-san-martin-2.JPG\" alt=\"\" \/><\/p>\n<p>\u00a0<\/p>\n<p>A las 9 horas de este 17 de agosto, dieron inicio a los actos en nuestra ciudad por el 171\u00ba aniversario de la muerte del General San Martin. El acto fue presidido por la presidente del HCD, a cargo del ejecutivo municipal Mariel Naya Yrigoyen.<\/p>\n<p>\u00a0<\/p>\n<p>Recreando la creaci\u00f3n del regimiento a caballos, creado por el General San Mart\u00edn, la agrupaci\u00f3n tradicionalista \u00abSan Felipe\u00bb, integrada por Omar Callaba, Mercedes Callaba Ribero y Ram\u00f3n Javier Caceres, quienes recorrieron las calles\u00a0 linderas a la plaza y finalziaron entregando a las autoridades locales, presidida por la presidente del Honorable Concejo Deliberante a cargo del Ejecutivo, Mariel Naya Yrigoyen, por el Ej\u00e9rcito el Coronel Humberto Salas y el presidente de la Asociaci\u00f3n Sanmartiniana de nuestra ciudad Julio Argentino Ramirez la ense\u00f1a nacional para se izada en el m\u00e1stil de la plaza San Mart\u00edn.<\/p>\n<p>\u00a0<\/p>\n<p>Finalizado el izamiento, realizado por los veteranos de guerra, las autoridades desconcetraron para luego convocarse\u00a0 alas 14.30hs para el acto central por el 171\u00ba aniversario del paso a la inmortalidad del General San Mart\u00edn.<\/p>\n<p><img decoding=\"async\" src=\"images\/210821-san-martin-3.JPG\" alt=\"\" \/><\/p>\n<p><img decoding=\"async\" src=\"images\/210821-san-martin-1.JPG\" alt=\"\" \/><\/p>\n","protected":false},"excerpt":{"rendered":"<p><img decoding=\"async\" src=\"images\/210821-san-martin-2.JPG\" alt=\"\" \/><\/p>\n","protected":false},"author":1,"featured_media":1199,"comment_status":"open","ping_status":"open","sticky":false,"template":"","format":"standard","meta":{"footnotes":""},"categories":[3],"tags":[],"class_list":["post-1200","post","type-post","status-publish","format-standard","has-post-thumbnail","hentry","category-uncategorised"],"brizy_media":[],"_links":{"self":[{"href":"https:\/\/concejocuruzucuatia.gob.ar\/wp\/wp-json\/wp\/v2\/posts\/1200","targetHints":{"allow":["GET"]}}],"collection":[{"href":"https:\/\/concejocuruzucuatia.gob.ar\/wp\/wp-json\/wp\/v2\/posts"}],"about":[{"href":"https:\/\/concejocuruzucuatia.gob.ar\/wp\/wp-json\/wp\/v2\/types\/post"}],"author":[{"embeddable":true,"href":"https:\/\/concejocuruzucuatia.gob.ar\/wp\/wp-json\/wp\/v2\/users\/1"}],"replies":[{"embeddable":true,"href":"https:\/\/concejocuruzucuatia.gob.ar\/wp\/wp-json\/wp\/v2\/comments?post=1200"}],"version-history":[{"count":0,"href":"https:\/\/concejocuruzucuatia.gob.ar\/wp\/wp-json\/wp\/v2\/posts\/1200\/revisions"}],"wp:featuredmedia":[{"embeddable":true,"href":"https:\/\/concejocuruzucuatia.gob.ar\/wp\/wp-json\/wp\/v2\/media\/1199"}],"wp:attachment":[{"href":"https:\/\/concejocuruzucuatia.gob.ar\/wp\/wp-json\/wp\/v2\/media?parent=1200"}],"wp:term":[{"taxonomy":"category","embeddable":true,"href":"https:\/\/concejocuruzucuatia.gob.ar\/wp\/wp-json\/wp\/v2\/categories?post=1200"},{"taxonomy":"post_tag","embeddable":true,"href":"https:\/\/concejocuruzucuatia.gob.ar\/wp\/wp-json\/wp\/v2\/tags?post=1200"}],"curies":[{"name":"wp","href":"https:\/\/api.w.org\/{rel}","templated":true}]}}