{"id":1191,"date":"2021-07-19T11:37:07","date_gmt":"2021-07-19T11:37:07","guid":{"rendered":"https:\/\/concejocuruzucuatia.gob.ar\/wp\/2021\/07\/19\/resoluciones-2022\/"},"modified":"2021-07-19T11:37:07","modified_gmt":"2021-07-19T11:37:07","slug":"resoluciones-2022","status":"publish","type":"post","link":"https:\/\/concejocuruzucuatia.gob.ar\/wp\/2021\/07\/19\/resoluciones-2022\/","title":{"rendered":"Resoluciones 2021"},"content":{"rendered":"<h3 style=\"line-height: 150%;\"><b><u><span style=\"font-family: 'Arial','sans-serif'; mso-fareast-font-family: 'Times New Roman';\">RESOLUCI\u00d3N N\u00ba 18\/2021<\/span><\/u><\/b><u><\/u><\/h3>\n<p class=\"Normal1\" style=\"text-align: center;\" align=\"center\"><b><u><span style=\"font-size: 12.0pt; line-height: 115%; font-family: 'Arial','sans-serif';\">EL HONORABLE CONCEJO DELIBERANTE<\/span><\/u><\/b><\/p>\n<p class=\"Normal1\" style=\"text-align: center;\" align=\"center\"><b><u><span style=\"font-size: 12.0pt; line-height: 115%; font-family: 'Arial','sans-serif';\">DE CURUZU CUATIA<\/span><\/u><\/b><\/p>\n<h3 style=\"line-height: 150%; text-align: center;\"><b><u><span style=\"font-family: 'Arial','sans-serif';\">RESUELVE<\/span><\/u><\/b><u><\/u><\/h3>\n<h3 style=\"text-align: justify; line-height: 150%;\"><b><u><span style=\"font-family: 'Arial','sans-serif'; mso-fareast-font-family: 'Times New Roman';\">\u00a0<\/span><\/u><\/b><\/h3>\n<p class=\"MsoNormal\" style=\"text-align: justify; line-height: 150%;\"><b><span style=\"font-size: 12.0pt; line-height: 150%; font-family: 'Arial','sans-serif';\">Art.1\u00ba.- <strong>Aprobar los diplomas y disponer la incorporaci\u00f3n al Honorable Concejo Deliberante, previo cumplimiento de las formalidades de ley, para desempe\u00f1arse como Concejales desde el 10 de Diciembre de 2.021, y hasta el 10 de Diciembre del 2.025 de los Sres. Arbelo <\/strong><\/span><\/b><span style=\"font-size: 12.0pt; line-height: 150%; font-family: 'Arial','sans-serif';\">Oscar Roberto M.I N\u00b0 11.64.834, Crespi Gabriela Mar\u00eda M.I N\u00b0 14.287.467, Toffoli Errecart Axel Iv\u00e1n M.I N\u00b0 26.515.044, Cerono Josias Samuel Levi M.I.N\u00b0 40.285.173, Zakegian Natalia Lorena M.I N\u00b0 27.700.475.-<\/span><\/p>\n<p class=\"MsoNormal\" style=\"text-align: justify; line-height: 150%;\"><span style=\"font-size: 12.0pt; line-height: 150%; font-family: 'Arial','sans-serif';\">Art. 2\u00b0: <b>Convocar <\/b>a Sesi\u00f3n Constitutiva para el d\u00eda 09 de Diciembre de 2.021 a las 21 hs., en el Palacio Municipal, en la que prestaran juramento de Ley los concejales citados en el art\u00edculo anterior.-<\/span><\/p>\n<p class=\"MsoNormal\" style=\"text-align: justify;\"><b><span style=\"font-size: 12.0pt; line-height: 115%; font-family: 'Arial','sans-serif';\">Art.2\u00ba.- COMUNIQUESE al D.E, publ\u00edquese, reg\u00edstrese y arch\u00edvese.-<\/span><\/b><\/p>\n<p class=\"Normal1\" style=\"text-align: justify; line-height: 150%; tab-stops: 36.0pt;\"><b><span style=\"font-size: 12.0pt; line-height: 150%; font-family: 'Arial','sans-serif';\">SALA DE SESIONES DEL H.C.D., 03 de diciembre de 2.021.-<\/span><\/b><\/p>\n<p class=\"MsoNormal\" style=\"text-align: justify;\"><b><span style=\"font-size: 12.0pt; line-height: 115%; font-family: 'Arial','sans-serif';\">CURUZ\u00da CUATI\u00c1. CORRIENTES.-<\/span><\/b><\/p>\n<p class=\"MsoNormal\" style=\"text-align: justify;\">\u00a0<\/p>\n<hr \/>\n<h3 style=\"line-height: 150%;\"><b><u><span style=\"font-family: 'Arial','sans-serif'; mso-fareast-font-family: 'Times New Roman';\">RESOLUCI\u00d3N N\u00ba 17\/2021<\/span><\/u><\/b><u><\/u><\/h3>\n<p class=\"Normal1\" style=\"text-align: center;\" align=\"center\"><b><u><span style=\"font-size: 12.0pt; line-height: 115%; font-family: 'Arial','sans-serif';\">EL HONORABLE CONCEJO DELIBERANTE<\/span><\/u><\/b><\/p>\n<p class=\"Normal1\" style=\"text-align: center;\" align=\"center\"><b><u><span style=\"font-size: 12.0pt; line-height: 115%; font-family: 'Arial','sans-serif';\">DE CURUZU CUATIA<\/span><\/u><\/b><\/p>\n<h3 style=\"line-height: 150%; text-align: center;\"><b><u><span style=\"font-family: 'Arial','sans-serif';\">RESUELVE<\/span><\/u><\/b><u><\/u><\/h3>\n<p class=\"MsoNormal\" style=\"text-align: justify; line-height: 150%;\"><b><span style=\"font-size: 12.0pt; line-height: 150%; font-family: 'Arial','sans-serif';\">Art.1\u00ba.- <\/span><\/b><strong><span style=\"font-family: 'Arial','sans-serif';\">IMPUTAR la suma de $ <\/span><\/strong><span lang=\"EN-US\" style=\"font-size: 12.0pt; line-height: 150%; font-family: 'Arial','sans-serif'; mso-ansi-language: EN-US;\">1.663.200,00 (Pesos Un<\/span><span lang=\"ES-AR\" style=\"font-size: 12.0pt; line-height: 150%; font-family: 'Arial','sans-serif'; mso-ansi-language: ES-AR;\"> Mill\u00f3n<\/span> <span style=\"font-size: 12.0pt; line-height: 150%; font-family: 'Arial','sans-serif';\">Seiscientos<\/span> <span style=\"font-size: 12.0pt; line-height: 150%; font-family: 'Arial','sans-serif';\">Sesenta<\/span><span lang=\"EN-US\" style=\"font-size: 12.0pt; line-height: 150%; font-family: 'Arial','sans-serif'; mso-ansi-language: EN-US;\"> y <\/span><span style=\"font-size: 12.0pt; line-height: 150%; font-family: 'Arial','sans-serif';\">Tres<\/span><span lang=\"EN-US\" style=\"font-size: 12.0pt; line-height: 150%; font-family: 'Arial','sans-serif'; mso-ansi-language: EN-US;\"> Mil <\/span><span lang=\"ES-AR\" style=\"font-size: 12.0pt; line-height: 150%; font-family: 'Arial','sans-serif'; mso-ansi-language: ES-AR;\">Doscientos<\/span><span lang=\"EN-US\" style=\"font-size: 12.0pt; line-height: 150%; font-family: 'Arial','sans-serif'; mso-ansi-language: EN-US;\">),<\/span><span style=\"font-size: 12.0pt; line-height: 150%; font-family: 'Arial','sans-serif';\"> derivados<\/span><span lang=\"EN-US\" style=\"font-size: 12.0pt; line-height: 150%; font-family: 'Arial','sans-serif'; mso-ansi-language: EN-US;\"> de la <\/span><span style=\"font-size: 12.0pt; line-height: 150%; font-family: 'Arial','sans-serif';\">ampliaci\u00f3n<\/span><span lang=\"EN-US\" style=\"font-size: 12.0pt; line-height: 150%; font-family: 'Arial','sans-serif'; mso-ansi-language: EN-US;\"> del <\/span><span style=\"font-size: 12.0pt; line-height: 150%; font-family: 'Arial','sans-serif';\">presupuesto<\/span><span lang=\"EN-US\" style=\"font-size: 12.0pt; line-height: 150%; font-family: 'Arial','sans-serif'; mso-ansi-language: EN-US;\">, <\/span><span lang=\"ES-AR\" style=\"font-size: 12.0pt; line-height: 150%; font-family: 'Arial','sans-serif'; mso-ansi-language: ES-AR;\">aprobado por Ordenanza<\/span><span lang=\"EN-US\" style=\"font-size: 12.0pt; line-height: 150%; font-family: 'Arial','sans-serif'; mso-ansi-language: EN-US;\"> N\u00b0 3.344 del 2.021, el<\/span><span lang=\"ES-AR\" style=\"font-size: 12.0pt; line-height: 150%; font-family: 'Arial','sans-serif'; mso-ansi-language: ES-AR;\"> cual<\/span><span lang=\"EN-US\" style=\"font-size: 12.0pt; line-height: 150%; font-family: 'Arial','sans-serif'; mso-ansi-language: EN-US;\"> sera <\/span><span style=\"font-size: 12.0pt; line-height: 150%; font-family: 'Arial','sans-serif';\">asignado<\/span><span lang=\"EN-US\" style=\"font-size: 12.0pt; line-height: 150%; font-family: 'Arial','sans-serif'; mso-ansi-language: EN-US;\"> a la <\/span><span style=\"font-size: 12.0pt; line-height: 150%; font-family: 'Arial','sans-serif';\">partida<\/span><span lang=\"EN-US\" style=\"font-size: 12.0pt; line-height: 150%; font-family: 'Arial','sans-serif'; mso-ansi-language: EN-US;\"> 7.2.11, del Presupuesto del H.C.D<\/span><strong><span style=\"font-family: 'Arial','sans-serif';\">.-<\/span><\/strong><\/p>\n<p class=\"MsoNormal\" style=\"text-align: justify;\"><b><span style=\"font-size: 12.0pt; line-height: 115%; font-family: 'Arial','sans-serif';\">Art.2\u00ba.- COMUNIQUESE, publ\u00edquese, reg\u00edstrese y arch\u00edvese.-<\/span><\/b><\/p>\n<p class=\"Normal1\" style=\"text-align: justify; line-height: 150%; tab-stops: 36.0pt;\"><b><span style=\"font-size: 12.0pt; line-height: 150%; font-family: 'Arial','sans-serif';\">SALA DE SESIONES DEL H.C.D., 03 de diciembre de 2.021.-<\/span><\/b><\/p>\n<p class=\"MsoNormal\" style=\"text-align: justify;\"><b><span style=\"font-size: 12.0pt; line-height: 115%; font-family: 'Arial','sans-serif';\">CURUZ\u00da CUATI\u00c1. CORRIENTES.-<\/span><\/b><\/p>\n<hr \/>\n<h3 style=\"line-height: 150%;\"><u><\/u><u><\/u><b><u><span style=\"font-family: 'Arial','sans-serif'; mso-fareast-font-family: 'Times New Roman';\">RESOLUCI\u00d3N N\u00ba 16\/2021<\/span><\/u><\/b><u><\/u><\/h3>\n<p class=\"Normal1\" style=\"text-align: center;\" align=\"center\"><b><u><span style=\"font-size: 12.0pt; line-height: 115%; font-family: 'Arial','sans-serif';\">EL HONORABLE CONCEJO DELIBERANTE<\/span><\/u><\/b><\/p>\n<p class=\"Normal1\" style=\"text-align: center;\" align=\"center\"><b><u><span style=\"font-size: 12.0pt; line-height: 115%; font-family: 'Arial','sans-serif';\">DE CURUZU CUATIA<\/span><\/u><\/b><\/p>\n<h3 style=\"line-height: 150%; text-align: center;\"><b><u><span style=\"font-family: 'Arial','sans-serif';\">RESUELVE<\/span><\/u><\/b><u><\/u><\/h3>\n<h3 style=\"text-align: justify; line-height: 150%;\"><b><u><span style=\"font-family: 'Arial','sans-serif'; mso-fareast-font-family: 'Times New Roman';\">\u00a0<\/span><\/u><\/b><\/h3>\n<p style=\"margin: 0cm; margin-bottom: .0001pt; text-align: justify; line-height: 150%;\"><b><span style=\"font-family: Arial, 'sans-serif';\">Art.1.- OTORGAR <\/span><\/b><span style=\"font-family: Arial, 'sans-serif';\">ayuda econ\u00f3mica al P\u00e1rroco de la Parroquia San Cayetano; Jos\u00e9 Ortiz; por el monto de $60.000 (sesenta mil pesos), para el sal\u00f3n de su parroquia, el cual tiene una gran utilidad para toda la comunidad.-\u00a0<\/span><\/p>\n<p class=\"MsoNoSpacing\" style=\"text-align: justify;\"><b><span style=\"font-size: 12.0pt; font-family: 'Arial','sans-serif';\">\u00a0<\/span><\/b><\/p>\n<p class=\"MsoNoSpacing\" style=\"text-align: justify;\"><b><span style=\"font-size: 12.0pt; font-family: 'Arial','sans-serif';\">ART. 2\u00b0<\/span><\/b><b><span lang=\"ES-AR\" style=\"font-size: 12.0pt; font-family: 'Arial','sans-serif'; mso-ansi-language: ES-AR;\">.-<\/span><\/b><b><span style=\"font-size: 12.0pt; mso-bidi-font-size: 11.0pt; font-family: 'Arial','sans-serif';\">COMUNIQUESE, reg\u00edstrese, publ\u00edquese y arch\u00edvese.-<\/span><\/b><\/p>\n<p class=\"Normal1\" style=\"text-align: justify; line-height: 150%; tab-stops: 36.0pt;\"><b><span style=\"font-size: 12.0pt; line-height: 150%; font-family: 'Arial','sans-serif';\">\u00a0<\/span><\/b><\/p>\n<p class=\"Normal1\" style=\"text-align: justify; line-height: 150%; tab-stops: 36.0pt;\"><b><span style=\"font-size: 12.0pt; line-height: 150%; font-family: 'Arial','sans-serif';\">SALA DE SESIONES DEL H.C.D., 03 de diciembre de 2.021.-<\/span><\/b><\/p>\n<p class=\"MsoNormal\" style=\"text-align: justify;\"><b><span style=\"font-size: 12.0pt; line-height: 115%; font-family: 'Arial','sans-serif';\">CURUZ\u00da CUATI\u00c1. CORRIENTES.-<\/span><\/b><\/p>\n<hr \/>\n<h3 style=\"line-height: 150%;\">\u00a0<\/h3>\n<h3 style=\"line-height: 150%;\"><b><u><span style=\"font-family: 'Arial','sans-serif'; mso-fareast-font-family: 'Times New Roman';\">RESOLUCI\u00d3N N\u00ba 15\/2021<\/span><\/u><\/b><u><\/u><\/h3>\n<p class=\"Normal1\" style=\"text-align: center;\" align=\"center\"><b><u><span style=\"font-size: 12.0pt; line-height: 115%; font-family: 'Arial','sans-serif';\">EL HONORABLE CONCEJO DELIBERANTE<\/span><\/u><\/b><\/p>\n<p class=\"Normal1\" style=\"text-align: center;\" align=\"center\"><b><u><span style=\"font-size: 12.0pt; line-height: 115%; font-family: 'Arial','sans-serif';\">DE CURUZU CUATIA<\/span><\/u><\/b><\/p>\n<h3 style=\"line-height: 150%;\"><b><u><span style=\"font-family: 'Arial','sans-serif';\">RESUELVE<\/span><\/u><\/b><u><\/u><\/h3>\n<h3 style=\"text-align: justify; line-height: 150%;\"><b><u><span style=\"font-family: 'Arial','sans-serif'; mso-fareast-font-family: 'Times New Roman';\">\u00a0<\/span><\/u><\/b><\/h3>\n<p class=\"MsoNormal\" style=\"text-align: justify;\"><b><span lang=\"ES-AR\" style=\"font-size: 12.0pt; line-height: 115%; font-family: 'Arial','sans-serif'; mso-ansi-language: ES-AR;\">ART. 1\u00ba.-<\/span><\/b><b><span lang=\"ES-AR\" style=\"font-size: 12.0pt; line-height: 115%; font-family: 'Arial','sans-serif'; mso-ansi-language: ES-AR;\">ABONAR <\/span><\/b><span lang=\"ES-AR\" style=\"font-size: 12.0pt; line-height: 115%; font-family: 'Arial','sans-serif'; mso-ansi-language: ES-AR; mso-bidi-font-weight: bold;\">una suma fija no remunerativa ni bonificable de $ 6.000 mensuales al personal dependiente del H.C.D. a partir del <\/span><span lang=\"ES-AR\" style=\"font-size: 12.0pt; line-height: 115%; font-family: 'Arial','sans-serif'; mso-ansi-language: ES-AR;\">1\u00ba de Enero hasta el 31 de Diciembre del 2.022.-<\/span><\/p>\n<p class=\"MsoNormal\" style=\"text-align: justify;\"><b><span lang=\"ES-AR\" style=\"font-size: 12.0pt; line-height: 115%; font-family: 'Arial','sans-serif'; mso-ansi-language: ES-AR;\">ART. 2\u00b0.-<\/span><\/b><b><span style=\"font-size: 12.0pt; line-height: 115%; font-family: 'Arial','sans-serif';\">EL GASTO <\/span><\/b><span style=\"font-size: 12.0pt; line-height: 115%; font-family: 'Arial','sans-serif'; mso-bidi-font-weight: bold;\">que demande el cumplimiento de la presente ser\u00e1 imputado a la partida 7.1.0.1 del Presupuesto del H.C.D. 2.022.-<\/span><\/p>\n<p class=\"MsoNoSpacing\" style=\"text-align: justify;\"><b><span style=\"font-size: 12.0pt; font-family: 'Arial','sans-serif';\">\u00a0<\/span><\/b><\/p>\n<p class=\"MsoNoSpacing\" style=\"text-align: justify;\"><b><span style=\"font-size: 12.0pt; font-family: 'Arial','sans-serif';\">ART. 3\u00b0<\/span><\/b><b><span lang=\"ES-AR\" style=\"font-size: 12.0pt; font-family: 'Arial','sans-serif'; mso-ansi-language: ES-AR;\">.-<\/span><\/b><b><span style=\"font-size: 12.0pt; mso-bidi-font-size: 11.0pt; font-family: 'Arial','sans-serif';\">COMUNIQUESE, reg\u00edstrese, publ\u00edquese y arch\u00edvese.-<\/span><\/b><\/p>\n<p class=\"Normal1\" style=\"text-align: justify; line-height: 150%; tab-stops: 36.0pt;\"><b><span style=\"font-size: 12.0pt; line-height: 150%; font-family: 'Arial','sans-serif';\">\u00a0<\/span><\/b><\/p>\n<p class=\"Normal1\" style=\"text-align: justify; line-height: 150%; tab-stops: 36.0pt;\"><b><span style=\"font-size: 12.0pt; line-height: 150%; font-family: 'Arial','sans-serif';\">SALA DE SESIONES DEL H.C.D., 19 de Noviembre de 2020.-<\/span><\/b><\/p>\n<p class=\"MsoNormal\" style=\"text-align: justify;\"><b><span style=\"font-size: 12.0pt; line-height: 115%; font-family: 'Arial','sans-serif';\">CURUZ\u00da CUATI\u00c1. CORRIENTES.-<\/span><\/b><\/p>\n<h3 style=\"line-height: 150%;\">\u00a0<\/h3>\n<h3 style=\"line-height: 150%;\">\u00a0<\/h3>\n<h3 style=\"line-height: 150%;\">\u00a0<\/h3>\n<hr \/>\n<h3 style=\"line-height: 150%;\"><b><u><span style=\"font-family: 'Arial','sans-serif'; mso-fareast-font-family: 'Times New Roman';\">RESOLUCI\u00d3N N\u00ba 14\/2021<\/span><\/u><\/b><\/h3>\n<p class=\"Normal1\" style=\"text-align: center;\" align=\"center\"><b><u><span style=\"font-size: 12.0pt; line-height: 115%; font-family: 'Arial','sans-serif';\">EL HONORABLE CONCEJO DELIBERANTE<\/span><\/u><\/b><\/p>\n<p class=\"Normal1\" style=\"text-align: center;\" align=\"center\"><b><u><span style=\"font-size: 12.0pt; line-height: 115%; font-family: 'Arial','sans-serif';\">DE CURUZU CUATIA<\/span><\/u><\/b><\/p>\n<h3 style=\"line-height: 150%;\"><b><u><span style=\"font-family: 'Arial','sans-serif';\">RESUELVE<\/span><\/u><\/b><u><\/u><\/h3>\n<h3 style=\"text-align: justify; line-height: 150%;\"><b><u><span style=\"font-family: 'Arial','sans-serif'; mso-fareast-font-family: 'Times New Roman';\">\u00a0<\/span><\/u><\/b><\/h3>\n<p class=\"MsoNormal\" style=\"text-align: justify;\"><b><span lang=\"ES-AR\" style=\"font-size: 12.0pt; line-height: 115%; font-family: 'Arial','sans-serif'; mso-ansi-language: ES-AR;\">ART. 1\u00ba.- <\/span><\/b><b><span lang=\"ES-AR\" style=\"font-size: 12.0pt; line-height: 115%; font-family: 'Arial','sans-serif'; mso-ansi-language: ES-AR;\">DESIGNAR <\/span><\/b><span lang=\"ES-AR\" style=\"font-size: 12.0pt; line-height: 115%; font-family: 'Arial','sans-serif'; mso-ansi-language: ES-AR;\">al Dr. Berto Germ\u00e1n Bracco Ganancias, D.N.I N\u00b0 25.208.658, como Juez Municipal de Faltas, por el periodo 1 de Enero 2.022 al 31 de Diciembre del 2.026. \u2013<\/span><\/p>\n<p class=\"MsoNormal\" style=\"text-align: justify;\"><b><span lang=\"ES-AR\" style=\"font-size: 12.0pt; line-height: 115%; font-family: 'Arial','sans-serif'; mso-ansi-language: ES-AR;\">ART. 2\u00b0.- FIJAR<\/span><\/b><span lang=\"ES-AR\" style=\"font-size: 12.0pt; line-height: 115%; font-family: 'Arial','sans-serif'; mso-ansi-language: ES-AR; mso-bidi-font-weight: bold;\"> la sesi\u00f3n especial del 11 de Diciembre del 2.021, para prestar juramento que prev\u00e9 el art. 85 del COM.-<\/span><\/p>\n<p class=\"MsoNormal\" style=\"text-align: justify;\"><b><span lang=\"ES-AR\" style=\"font-size: 12.0pt; line-height: 115%; font-family: 'Arial','sans-serif'; mso-ansi-language: ES-AR;\">ART. 3\u00b0.-<\/span><\/b><b><span style=\"font-size: 12.0pt; line-height: 115%; font-family: 'Arial','sans-serif';\">COMUNIQUESE, reg\u00edstrese, publ\u00edquese y arch\u00edvese.-<\/span><\/b><\/p>\n<p class=\"MsoNormal\" style=\"text-align: justify;\"><b><span style=\"font-size: 12.0pt; line-height: 115%; font-family: 'Arial','sans-serif';\">SALA DE SESIONES DEL H.C.D., 19 DE Noviembre del 2.021.-<\/span><\/b><\/p>\n<p class=\"MsoNormal\" style=\"text-align: justify;\"><b><span style=\"font-size: 12.0pt; line-height: 115%; font-family: 'Arial','sans-serif';\">CURUZ\u00da CUATI\u00c1. CORRIENTES.-<\/span><\/b><\/p>\n<p class=\"Normal1\" style=\"text-align: justify; line-height: 150%; tab-stops: 36.0pt;\"><b><span style=\"font-size: 12.0pt; line-height: 150%; font-family: 'Arial','sans-serif';\">\u00a0<\/span><\/b><\/p>\n<hr \/>\n<p class=\"Normal1\"><b><u><span style=\"font-family: 'Arial','sans-serif'; mso-fareast-font-family: 'Times New Roman';\">\u00a0<\/span><\/u><\/b><\/p>\n<h3 style=\"line-height: 150%;\"><b><u><span style=\"font-family: 'Arial','sans-serif'; mso-fareast-font-family: 'Times New Roman';\">RESOLUCI\u00d3N N\u00ba 13\/2021<\/span><\/u><\/b><\/h3>\n<p class=\"Normal1\" style=\"text-align: center;\" align=\"center\"><b><u><span style=\"font-size: 12.0pt; line-height: 115%; font-family: 'Arial','sans-serif';\">EL HONORABLE CONCEJO DELIBERANTE<\/span><\/u><\/b><\/p>\n<p class=\"Normal1\" style=\"text-align: center;\" align=\"center\"><b><u><span style=\"font-size: 12.0pt; line-height: 115%; font-family: 'Arial','sans-serif';\">DE CURUZU CUATIA<\/span><\/u><\/b><\/p>\n<p class=\"Normal1\" style=\"text-align: center;\" align=\"center\"><b><u><span style=\"font-family: 'Arial','sans-serif';\">RESUELVE<\/span><\/u><\/b><\/p>\n<p style=\"margin: 12.0pt 0cm 12.0pt 0cm;\"><b><span style=\"font-family: Arial, 'sans-serif';\">Art. 1\u00b0.- APRUEBESE\u00a0 <\/span><\/b><span style=\"font-family: Arial, 'sans-serif';\">per\u00edodo anual 2020<b>.<\/b><\/span><\/p>\n<p class=\"MsoNormal\" style=\"text-align: justify;\"><b><span lang=\"ES-AR\" style=\"font-size: 12.0pt; line-height: 115%; font-family: 'Arial','sans-serif'; mso-ansi-language: ES-AR;\">ART. 2\u00b0.-<\/span><\/b><b><span style=\"font-size: 12.0pt; line-height: 115%; font-family: 'Arial','sans-serif';\">COMUNIQUESE, reg\u00edstrese, publ\u00edquese y arch\u00edvese.-<\/span><\/b><\/p>\n<p class=\"MsoNormal\" style=\"text-align: justify;\"><b><span style=\"font-size: 12.0pt; line-height: 115%; font-family: 'Arial','sans-serif';\">SALA DE SESIONES DEL H.C.D., 19 DE Noviembre del 2.021.-<\/span><\/b><\/p>\n<p class=\"MsoNormal\" style=\"text-align: justify;\"><b><span style=\"font-size: 12.0pt; line-height: 115%; font-family: 'Arial','sans-serif';\">CURUZ\u00da CUATI\u00c1. CORRIENTES.-<\/span><\/b><\/p>\n<hr \/>\n<h3 style=\"line-height: 150%;\">\u00a0<\/h3>\n<h3 style=\"line-height: 150%;\"><b><u><span style=\"font-family: 'Arial','sans-serif'; mso-fareast-font-family: 'Times New Roman';\">RESOLUCI\u00d3N N\u00ba 12\/2021<\/span><\/u><\/b><\/h3>\n<p class=\"Normal1\" style=\"text-align: center;\" align=\"center\"><b><u><span style=\"font-size: 12.0pt; line-height: 115%; font-family: 'Arial','sans-serif';\">\u00a0<\/span><\/u><\/b><\/p>\n<p class=\"Normal1\" style=\"text-align: center;\" align=\"center\"><b><u><span style=\"font-size: 12.0pt; line-height: 115%; font-family: 'Arial','sans-serif';\">EL HONORABLE CONCEJO DELIBERANTE<\/span><\/u><\/b><\/p>\n<p class=\"Normal1\" style=\"text-align: center;\" align=\"center\"><b><u><span style=\"font-size: 12.0pt; line-height: 115%; font-family: 'Arial','sans-serif';\">DE CURUZU CUATIA<\/span><\/u><\/b><\/p>\n<h3 style=\"line-height: 150%;\"><b><u><span style=\"font-family: 'Arial','sans-serif';\">RESUELVE<\/span><\/u><\/b><u><\/u><\/h3>\n<h3 style=\"text-align: justify; line-height: 150%;\"><b><u><span style=\"font-family: 'Arial','sans-serif'; mso-fareast-font-family: 'Times New Roman';\">\u00a0<\/span><\/u><\/b><\/h3>\n<p class=\"MsoNormal\" style=\"text-align: justify;\"><b><span lang=\"ES-AR\" style=\"font-size: 12.0pt; line-height: 115%; font-family: 'Arial','sans-serif'; mso-ansi-language: ES-AR;\">ART. 1\u00ba.-<\/span><\/b><b><span lang=\"ES-AR\" style=\"font-size: 12.0pt; line-height: 115%; font-family: 'Arial','sans-serif'; mso-ansi-language: ES-AR;\">APROBAR el PRESUPUESTO DE GASTOS <\/span><\/b><span lang=\"ES-AR\" style=\"font-size: 12.0pt; line-height: 115%; font-family: 'Arial','sans-serif'; mso-ansi-language: ES-AR; mso-bidi-font-weight: bold;\">del Honorable Concejo Deliberante de Curuz\u00fa Cuati\u00e1, para el ejercicio 2022, que obra como Anexo I de la presente. &#8211;<\/span><\/p>\n<p class=\"MsoNormal\" style=\"text-align: justify;\"><b><span lang=\"ES-AR\" style=\"font-size: 12.0pt; line-height: 115%; font-family: 'Arial','sans-serif'; mso-ansi-language: ES-AR;\">ART. 2\u00b0.-<\/span><\/b><b><span style=\"font-size: 12.0pt; line-height: 115%; font-family: 'Arial','sans-serif';\">COMUNIQUESE, reg\u00edstrese, publ\u00edquese y arch\u00edvese.-<\/span><\/b><\/p>\n<p class=\"Normal1\" style=\"text-align: justify; line-height: 150%; tab-stops: 36.0pt;\"><b><span style=\"font-size: 12.0pt; line-height: 150%; font-family: 'Arial','sans-serif';\">SALA DE SESIONES DEL H.C.D., 19 de Noviembre de 2021.-<\/span><\/b><\/p>\n<p class=\"Normal1\" style=\"text-align: justify; line-height: 150%; tab-stops: 36.0pt;\"><b><span style=\"font-size: 12.0pt; line-height: 150%; font-family: 'Arial','sans-serif';\">CURUZU CUATIA, CORRIENTES.-<\/span><\/b><\/p>\n<p class=\"Normal1\" style=\"text-align: justify; line-height: 150%; tab-stops: 36.0pt;\"><b><span style=\"font-size: 12.0pt; line-height: 150%; font-family: 'Arial','sans-serif';\">\u00a0<\/span><\/b><\/p>\n<hr \/>\n<p class=\"Normal1\"><span style=\"font-family: 'Arial','sans-serif'; mso-fareast-font-family: 'Times New Roman'; mso-bidi-font-weight: bold;\">\u00a0 \u00a0 \u00a0 \u00a0<\/span><b><u><span style=\"font-family: 'Arial','sans-serif'; mso-fareast-font-family: 'Times New Roman';\">RESOLUCI\u00d3N N\u00ba 11\/2021<\/span><\/u><\/b><\/p>\n<p class=\"Normal1\" style=\"text-align: center;\" align=\"center\"><b><u><span style=\"font-size: 12.0pt; line-height: 115%; font-family: 'Arial','sans-serif';\">EL HONORABLE CONCEJO DELIBERANTE<\/span><\/u><\/b><\/p>\n<p class=\"Normal1\" style=\"text-align: center;\" align=\"center\"><b><u><span style=\"font-size: 12.0pt; line-height: 115%; font-family: 'Arial','sans-serif';\">DE CURUZU CUATIA<\/span><\/u><\/b><\/p>\n<p class=\"Normal1\" style=\"text-align: center;\" align=\"center\"><b><u><span style=\"font-size: 12.0pt; line-height: 115%; font-family: 'Arial','sans-serif';\">RESUELVE<\/span><\/u><\/b><\/p>\n<h2 style=\"margin-top: 0cm; text-align: justify; background-image: initial; background-position: initial; background-size: initial; background-repeat: initial; background-attachment: initial; background-origin: initial; background-clip: initial;\"><span style=\"font-size: 12.0pt; line-height: 115%; font-family: 'Arial','sans-serif'; color: #222222;\">Art. 1\u00b0.- ESTABLECER la \u201cSEMANA POR LA PROMOCI\u00d3N DE LOS DERECHOS DE LAS PERSONAS CON DISCAPACIDAD \u201c<\/span><span style=\"font-size: 12.0pt; line-height: 115%; font-family: 'Arial','sans-serif'; color: #222222; font-weight: normal;\">entre los d\u00edas 25 de Noviembre y 3 de Diciembre de cada a\u00f1o.<\/span><\/h2>\n<h2 style=\"margin-top: 0cm; text-align: justify; background-image: initial; background-position: initial; background-size: initial; background-repeat: initial; background-attachment: initial; background-origin: initial; background-clip: initial;\"><span style=\"font-size: 12.0pt; line-height: 115%; font-family: 'Arial','sans-serif'; color: #222222;\">\u00a0<\/span><\/h2>\n<h2 style=\"margin-top: 0cm; text-align: justify; background-image: initial; background-position: initial; background-size: initial; background-repeat: initial; background-attachment: initial; background-origin: initial; background-clip: initial;\"><span style=\"font-size: 12.0pt; line-height: 115%; font-family: 'Arial','sans-serif'; color: #222222;\">Art. 2\u00b0.- DETERMINAR <\/span><span style=\"font-size: 12.0pt; line-height: 115%; font-family: 'Arial','sans-serif'; color: #222222; font-weight: normal;\">que en dichas fechas se promover\u00e1n acciones concretas de difusi\u00f3n y concientizaci\u00f3n sobre el rol del Gobierno local y la comunidad en su conjunto para la eliminaci\u00f3n de las barreras actitudinales y del entorno, que impiden la participaci\u00f3n plena, activa y efectiva de las personas con discapacidad en igualdad de condiciones con los dem\u00e1s.<\/span><\/h2>\n<h2 style=\"margin-top: 0cm; text-align: justify; background-image: initial; background-position: initial; background-size: initial; background-repeat: initial; background-attachment: initial; background-origin: initial; background-clip: initial;\"><span style=\"font-size: 12.0pt; line-height: 115%; font-family: 'Arial','sans-serif'; color: #222222;\">\u00a0<\/span><\/h2>\n<h2 style=\"margin-top: 0cm; text-align: justify; background-image: initial; background-position: initial; background-size: initial; background-repeat: initial; background-attachment: initial; background-origin: initial; background-clip: initial;\"><span style=\"font-size: 12.0pt; line-height: 115%; font-family: 'Arial','sans-serif'; color: #222222;\">Art. 3\u00b0.-Convocar por Presidencia del H.C.D <\/span><span style=\"font-size: 12.0pt; line-height: 115%; font-family: 'Arial','sans-serif'; color: #222222; font-weight: normal;\">a las instituciones y personas que se dediquen a la tem\u00e1tica de la discapacidad en Curuz\u00fa Cuati\u00e1 a fin de colaborar en la organizaci\u00f3n e implementaci\u00f3n de actividades en dicha semana especial.<\/span><\/h2>\n<h2 style=\"margin: 0cm 0cm 12pt; text-align: justify; background-image: initial; background-position: initial; background-size: initial; background-repeat: initial; background-attachment: initial; background-origin: initial; background-clip: initial;\"><span style=\"font-size: 12.0pt; line-height: 115%; font-family: 'Arial','sans-serif'; color: #222222;\">\u00a0<\/span><\/h2>\n<h2 style=\"margin: 0cm 0cm 12pt; text-align: justify; background-image: initial; background-position: initial; background-size: initial; background-repeat: initial; background-attachment: initial; background-origin: initial; background-clip: initial;\"><span style=\"font-size: 12.0pt; line-height: 115%; font-family: 'Arial','sans-serif'; color: #222222;\">Art. 4\u00b0.- Comun\u00edquese, reg\u00edstrese, publ\u00edquese y arch\u00edvese.<\/span><\/h2>\n<p class=\"MsoNormal\" style=\"text-align: justify; line-height: normal;\"><b><span style=\"font-size: 12.0pt; font-family: 'Arial','sans-serif';\">SALA DE SESIONES DEL H.C.D.,\u00a0 06\u00a0 de octubre de 2021.-<\/span><\/b><\/p>\n<p class=\"normal\" style=\"text-align: justify; line-height: 150%;\"><b><span style=\"font-size: 12.0pt; line-height: 150%; font-family: 'Arial','sans-serif';\">CURUZU CUATIA, CORRIENTES.<\/span><\/b><\/p>\n<hr \/>\n<p class=\"Normal1\" style=\"text-align: center;\" align=\"center\">\u00a0<\/p>\n<h3 style=\"line-height: 150%;\">\u00a0<\/h3>\n<h3 style=\"line-height: 150%;\"><b><u><span style=\"font-family: 'Arial','sans-serif'; mso-fareast-font-family: 'Times New Roman';\">RESOLUCI\u00d3N N\u00ba 10\/2021<\/span><\/u><\/b><u><\/u><\/h3>\n<p class=\"Normal1\" style=\"text-align: center;\" align=\"center\"><b><u><span style=\"font-size: 12.0pt; line-height: 115%; font-family: 'Arial','sans-serif';\">EL HONORABLE CONCEJO DELIBERANTE<\/span><\/u><\/b><\/p>\n<p class=\"Normal1\" style=\"text-align: center;\" align=\"center\"><b><u><span style=\"font-size: 12.0pt; line-height: 115%; font-family: 'Arial','sans-serif';\">DE CURUZU CUATIA<\/span><\/u><\/b><\/p>\n<p class=\"Normal1\" style=\"text-align: center;\" align=\"center\"><b><u><span style=\"font-size: 12.0pt; line-height: 115%; font-family: 'Arial','sans-serif';\">RESUELVE<\/span><\/u><\/b><u><\/u><\/p>\n<p style=\"margin: 0cm; margin-bottom: .0001pt; text-align: justify;\"><b><span style=\"font-family: Arial, 'sans-serif';\">\u00a0<\/span><\/b><\/p>\n<h2 style=\"margin-top: 12pt; text-align: justify; background-image: initial; background-position: initial; background-size: initial; background-repeat: initial; background-attachment: initial; background-origin: initial; background-clip: initial;\"><span style=\"font-size: 12.0pt; line-height: 115%; font-family: 'Arial','sans-serif'; color: #222222;\">Art 1\u00b0- Solicitar al D.E.M <\/span><span style=\"font-size: 12.0pt; line-height: 115%; font-family: 'Arial','sans-serif'; color: #222222; font-weight: normal;\">la inscripci\u00f3n en el Registro de Comisiones a la comisi\u00f3n vecinal constituida por el Barrio H\u00e9roes de Malvinas, de acuerdo a lo establecido en el art. 3\u00b0 de la Ordenanza 978\/92. Se adjunta la nota de la constituci\u00f3n de la comisi\u00f3n<\/span><span style=\"font-size: 12.0pt; line-height: 115%; font-family: 'Arial','sans-serif'; color: #222222;\">.<\/span><\/h2>\n<h2 style=\"margin: 0cm 0cm 12pt; text-align: justify; background-image: initial; background-position: initial; background-size: initial; background-repeat: initial; background-attachment: initial; background-origin: initial; background-clip: initial;\"><span style=\"font-size: 12.0pt; line-height: 115%; font-family: 'Arial','sans-serif'; color: #222222;\">Art 2\u00b0 &#8211; Enviar al DEM <\/span><span style=\"font-size: 12.0pt; line-height: 115%; font-family: 'Arial','sans-serif'; color: #222222; font-weight: normal;\">copia de la nota recibida desde dicha comisi\u00f3n a sus efectos.<\/span><\/h2>\n<p class=\"MsoNormal\" style=\"text-align: justify;\"><b><span style=\"font-size: 12.0pt; line-height: 115%; font-family: 'Arial','sans-serif';\">SALA DE SESIONES DEL H.C.D, 29 de Septiembre de 2021.-<\/span><\/b><\/p>\n<p class=\"MsoNoSpacing\" style=\"text-align: justify; line-height: 150%;\"><b><span style=\"font-size: 12.0pt; line-height: 150%; font-family: 'Arial','sans-serif';\">CURUZ\u00da CUATI\u00c1, CORRIENTES.-<\/span><\/b><\/p>\n<hr \/>\n<h3 style=\"line-height: 150%;\"><b><u><span style=\"font-family: 'Arial','sans-serif'; mso-fareast-font-family: 'Times New Roman';\">RESOLUCI\u00d3N N\u00ba 09\/2021<\/span><\/u><\/b><u><\/u><\/h3>\n<p class=\"Normal1\" style=\"text-align: center;\" align=\"center\"><b><u><span style=\"font-size: 12.0pt; line-height: 115%; font-family: 'Arial','sans-serif';\">EL HONORABLE CONCEJO DELIBERANTE<\/span><\/u><\/b><\/p>\n<p class=\"Normal1\" style=\"text-align: center;\" align=\"center\"><b><u><span style=\"font-size: 12.0pt; line-height: 115%; font-family: 'Arial','sans-serif';\">DE CURUZU CUATIA<\/span><\/u><\/b><\/p>\n<p style=\"margin: 0cm; margin-bottom: .0001pt; text-align: justify;\"><b><span style=\"font-family: Arial, sans-serif;\">\u00a0<\/span><\/b><\/p>\n<p style=\"margin: 0cm; margin-bottom: .0001pt; text-align: justify;\"><b><span style=\"font-family: Arial, sans-serif;\">ARTICULO 1\u00b0: PRORROGAR<\/span><\/b><span style=\"font-family: Arial, sans-serif;\"> por diez (10) d\u00edas, el plazo para la presentaci\u00f3n de los informes de auditor\u00eda correspondientes a los per\u00edodos Anual\u00a0 del a\u00f1o 2020, y al Primer Trimestre 2021.-<\/span><\/p>\n<p style=\"text-align: justify; margin: 12.0pt 0cm 12.0pt 0cm;\"><span style=\"font-family: Arial, sans-serif;\">\u00a0<b>ARTICULO 2\u00b0: <\/b><\/span><b><span style=\"font-family: 'Arial','sans-serif'; color: #2a2a2a;\">COMUNIQUESE al D.E, publ\u00edquese, reg\u00edstrese y arch\u00edvese.<\/span><\/b><\/p>\n<p class=\"MsoNormal\" style=\"text-align: justify;\"><b><span style=\"font-size: 12.0pt; line-height: 115%; font-family: 'Arial','sans-serif';\">SALA DE SESIONES DEL H.C.D, 09 de Septiembre de 2021.-<\/span><\/b><\/p>\n<p class=\"MsoNoSpacing\" style=\"text-align: justify; line-height: 150%;\"><b><span style=\"font-size: 12.0pt; line-height: 150%; font-family: 'Arial','sans-serif';\">CURUZ\u00da CUATI\u00c1, CORRIENTES.-<\/span><\/b><\/p>\n<hr \/>\n<p class=\"Normal1\" style=\"text-align: center;\" align=\"center\">\u00a0<\/p>\n<h3 style=\"line-height: 150%;\">\u00a0<\/h3>\n<h3 style=\"line-height: 150%;\"><b><u><span style=\"font-family: 'Arial','sans-serif'; mso-fareast-font-family: 'Times New Roman';\">RESOLUCI\u00d3N N\u00ba 08\/2021<\/span><\/u><\/b><u><\/u><\/h3>\n<p class=\"Normal1\" style=\"text-align: center;\" align=\"center\"><b><u><span style=\"font-size: 12.0pt; line-height: 115%; font-family: 'Arial','sans-serif';\">EL HONORABLE CONCEJO DELIBERANTE<\/span><\/u><\/b><\/p>\n<p class=\"Normal1\" style=\"text-align: center;\" align=\"center\"><b><u><span style=\"font-size: 12.0pt; line-height: 115%; font-family: 'Arial','sans-serif';\">DE CURUZU CUATIA<\/span><\/u><\/b><\/p>\n<p class=\"Normal1\" style=\"text-align: center;\" align=\"center\"><b><u><span style=\"font-family: 'Arial','sans-serif';\">RESUELVE<\/span><\/u><\/b><\/p>\n<p style=\"margin: 0cm; margin-bottom: .0001pt; text-align: justify;\"><b><span style=\"font-family: Arial, sans-serif;\">\u00a0<\/span><\/b><\/p>\n<p class=\"MsoNormal\" style=\"text-align: justify; line-height: 150%;\"><b><span style=\"font-size: 12.0pt; line-height: 150%; font-family: 'Arial','sans-serif'; color: #2a2a2a;\">Art.1\u00ba.-\u00a0 CONVOCAR <\/span><\/b><span style=\"font-size: 12.0pt; line-height: 150%; font-family: 'Arial','sans-serif'; color: #2a2a2a;\">a Concurso P\u00fablico en los t\u00e9rminos establecidos en la Carta Org\u00e1nica Municipal y las disposiciones que la reglamentan, para cubrir el cargo de JUEZ DE FALTA\u00a0 por el periodo 01\/01\/2.022 al 31\/12\/2.026<\/span><span style=\"font-size: 12.0pt; line-height: 150%; font-family: 'Arial','sans-serif';\">.<\/span><\/p>\n<p class=\"MsoNormal\" style=\"text-align: justify; line-height: 150%;\"><b><span style=\"font-size: 12.0pt; line-height: 150%; font-family: 'Arial','sans-serif'; color: #2a2a2a;\">Art.2\u00ba.- CONVOCAR<\/span><\/b><span style=\"font-size: 12.0pt; line-height: 150%; font-family: 'Arial','sans-serif'; color: #2a2a2a;\"> al Concejo profesional de Ciencia Econ\u00f3micas delegaci\u00f3n local, al Colegio de Abogado, al Colegio de Escribano y al Departamento Ejecutivo Municipal a los efectos de que designen y comuniquen a este H.C.D, en un plazo m\u00e1ximo de 30 d\u00edas de notificados, a los representantes para integrar la COMISION ESPECIAL, a la que se refiere el art. 84 de la C.O.M.-<\/span><\/p>\n<p class=\"MsoNormal\" style=\"text-align: justify; line-height: 150%;\"><b><span style=\"font-size: 12.0pt; line-height: 150%; font-family: 'Arial','sans-serif'; color: #2a2a2a;\">Art.3\u00ba: DELEGAR <\/span><\/b><span style=\"font-size: 12.0pt; line-height: 150%; font-family: 'Arial','sans-serif'; color: #2a2a2a;\">en la Comisi\u00f3n a la que se refiere el art\u00edculo anterior, la confecci\u00f3n de las condiciones que deben reunir los postulantes, reglamento de la misma, cronograma de trabajo y realizaci\u00f3n de todas las medidas necesarias a efecto de cumplir con las disposiciones de la C.O.M, sobre el particular.- <\/span><\/p>\n<p class=\"MsoNormal\" style=\"text-align: justify; line-height: 150%;\"><b><span style=\"font-size: 12.0pt; line-height: 150%; font-family: 'Arial','sans-serif'; color: #2a2a2a;\">Art. 4\u00b0: COMUNIQUESE al D.E, publ\u00edquese, reg\u00edstrese y arch\u00edvese.<\/span><\/b><\/p>\n<p class=\"MsoNormal\" style=\"text-align: justify;\"><b><span style=\"font-size: 12.0pt; line-height: 115%; font-family: 'Arial','sans-serif';\">SALA DE SESIONES DEL H.C.D, 03 de Septiembre de 2021.-<\/span><\/b><\/p>\n<p class=\"MsoNoSpacing\" style=\"text-align: justify; line-height: 150%;\"><b><span style=\"font-size: 12.0pt; line-height: 150%; font-family: 'Arial','sans-serif';\">CURUZ\u00da CUATI\u00c1, CORRIENTES.-<\/span><\/b><\/p>\n<hr \/>\n<h3 style=\"line-height: 150%;\"><b style=\"mso-bidi-font-weight: normal;\"><u><span style=\"font-family: 'Arial','sans-serif'; mso-fareast-font-family: 'Times New Roman';\">RESOLUCI\u00d3N N\u00ba 07\/2021<\/span><\/u><\/b><u><\/u><\/h3>\n<p class=\"Normal1\" style=\"text-align: center;\" align=\"center\"><b style=\"mso-bidi-font-weight: normal;\"><u><span style=\"font-size: 12.0pt; line-height: 115%; font-family: 'Arial','sans-serif';\">EL HONORABLE CONCEJO DELIBERANTE<\/span><\/u><\/b><\/p>\n<p class=\"Normal1\" style=\"text-align: center;\" align=\"center\"><b style=\"mso-bidi-font-weight: normal;\"><u><span style=\"font-size: 12.0pt; line-height: 115%; font-family: 'Arial','sans-serif';\">DE CURUZU CUATIA<\/span><\/u><\/b><\/p>\n<p class=\"Normal1\" style=\"text-align: center;\" align=\"center\"><b style=\"mso-bidi-font-weight: normal;\"><u><span style=\"font-family: 'Arial','sans-serif';\">RESUELVE<\/span><\/u><\/b><\/p>\n<p style=\"margin: 0cm; margin-bottom: .0001pt; text-align: justify;\"><b><span style=\"font-family: 'Arial','sans-serif'; color: black;\">\u00a0<\/span><\/b><\/p>\n<h2 style=\"text-align: justify; background: white; margin: 18.0pt 0cm 4.0pt 0cm;\"><span style=\"font-size: 12.0pt; line-height: 115%; font-family: 'Arial','sans-serif'; color: black;\">Art.1: RECHAZAR <\/span><span style=\"font-size: 12.0pt; line-height: 115%; font-family: 'Arial','sans-serif'; color: black; font-weight: normal;\">la Resoluci\u00f3n del D.E.M. N\u00b0 249. \u2013<\/span><\/h2>\n<p class=\"MsoNormal\" style=\"text-align: justify;\"><b><span lang=\"ES-AR\" style=\"font-size: 12.0pt; line-height: 115%; font-family: 'Arial','sans-serif'; mso-ansi-language: ES-AR;\">\u00a0<\/span><\/b><\/p>\n<p class=\"MsoNormal\" style=\"text-align: justify;\"><b><span lang=\"ES-AR\" style=\"font-size: 12.0pt; line-height: 115%; font-family: 'Arial','sans-serif'; mso-ansi-language: ES-AR;\">ART. 2\u00ba: <\/span><\/b><b style=\"mso-bidi-font-weight: normal;\"><span style=\"font-size: 12.0pt; line-height: 115%; font-family: 'Arial','sans-serif';\">COMUNIQUESE <\/span><\/b><span style=\"font-size: 12.0pt; line-height: 115%; font-family: 'Arial','sans-serif';\">al D.E, publ\u00edquese, reg\u00edstrese y arch\u00edvese<b style=\"mso-bidi-font-weight: normal;\">.<\/b><\/span><\/p>\n<p class=\"MsoNormal\" style=\"text-align: justify;\"><b style=\"mso-bidi-font-weight: normal;\"><span style=\"font-size: 12.0pt; line-height: 115%; font-family: 'Arial','sans-serif';\">SALA DE SESIONES DEL H.C.D, 24 de Junio de 2021.-<\/span><\/b><\/p>\n<p class=\"MsoNoSpacing\" style=\"text-align: justify; line-height: 150%;\"><b style=\"mso-bidi-font-weight: normal;\"><span style=\"font-size: 12.0pt; line-height: 150%; font-family: 'Arial','sans-serif';\">CURUZ\u00da CUATI\u00c1, CORRIENTES.-<\/span><\/b><\/p>\n<hr \/>\n<h3 style=\"line-height: 150%;\">\u00a0<\/h3>\n<h3 style=\"line-height: 150%;\"><b style=\"mso-bidi-font-weight: normal;\"><u><span style=\"font-family: 'Arial','sans-serif'; mso-fareast-font-family: 'Times New Roman';\">RESOLUCI\u00d3N N\u00ba 06\/2021<\/span><\/u><\/b><u><\/u><\/h3>\n<p class=\"Normal1\" style=\"text-align: center;\" align=\"center\"><b style=\"mso-bidi-font-weight: normal;\"><u><span style=\"font-size: 12.0pt; line-height: 115%; font-family: 'Arial','sans-serif';\">EL HONORABLE CONCEJO DELIBERANTE<\/span><\/u><\/b><\/p>\n<p class=\"Normal1\" style=\"text-align: center;\" align=\"center\"><b style=\"mso-bidi-font-weight: normal;\"><u><span style=\"font-size: 12.0pt; line-height: 115%; font-family: 'Arial','sans-serif';\">DE CURUZU CUATIA<\/span><\/u><\/b><\/p>\n<p class=\"Normal1\" style=\"text-align: center;\" align=\"center\"><b style=\"mso-bidi-font-weight: normal;\"><u><span style=\"font-family: 'Arial','sans-serif';\">RESUELVE<\/span><\/u><\/b><\/p>\n<p style=\"margin: 0cm; margin-bottom: .0001pt; text-align: justify;\"><b><span style=\"font-family: 'Arial','sans-serif'; color: black;\">\u00a0<\/span><\/b><\/p>\n<p style=\"margin: 0cm; margin-bottom: .0001pt; text-align: justify;\"><b><span style=\"font-family: 'Arial','sans-serif'; color: black;\">ARTICULO 1\u00b0: PRORROGAR <\/span><\/b><span style=\"font-family: 'Arial','sans-serif'; color: black;\">por quince (15) d\u00edas, el plazo para la presentaci\u00f3n de los informes de auditor\u00eda correspondientes al Cuarto Trimestre 2020 y Anual del a\u00f1o 2020.-<\/span><\/p>\n<p class=\"MsoNormal\" style=\"text-align: justify;\">\u00a0<\/p>\n<p class=\"MsoNormal\" style=\"text-align: justify;\"><b><span lang=\"ES-AR\" style=\"font-size: 12.0pt; line-height: 115%; font-family: 'Arial','sans-serif'; mso-ansi-language: ES-AR;\">ART. 2\u00ba: <\/span><\/b><b style=\"mso-bidi-font-weight: normal;\"><span style=\"font-size: 12.0pt; line-height: 115%; font-family: 'Arial','sans-serif';\">COMUNIQUESE <\/span><\/b><span style=\"font-size: 12.0pt; line-height: 115%; font-family: 'Arial','sans-serif';\">al D.E, publ\u00edquese, reg\u00edstrese y arch\u00edvese<b style=\"mso-bidi-font-weight: normal;\">.<\/b><\/span><\/p>\n<p class=\"MsoNormal\" style=\"text-align: justify;\"><b style=\"mso-bidi-font-weight: normal;\"><span style=\"font-size: 12.0pt; line-height: 115%; font-family: 'Arial','sans-serif';\">SALA DE SESIONES DEL H.C.D, 11 de Junio de 2021.-<\/span><\/b><\/p>\n<p class=\"MsoNoSpacing\" style=\"text-align: justify; line-height: 150%;\"><b style=\"mso-bidi-font-weight: normal;\"><span style=\"font-size: 12.0pt; line-height: 150%; font-family: 'Arial','sans-serif';\">CURUZ\u00da CUATI\u00c1, CORRIENTES.-<\/span><\/b><\/p>\n<hr \/>\n<h3 style=\"line-height: 150%;\"><u><\/u><b style=\"mso-bidi-font-weight: normal;\"><span style=\"font-family: 'Arial','sans-serif'; mso-fareast-font-family: 'Times New Roman';\"><span style=\"mso-spacerun: yes;\">\u00a0\u00a0<\/span><u>RESOLUCI\u00d3N N\u00ba 05\/2021<\/u><\/span><\/b><u><\/u><\/h3>\n<p class=\"Normal1\" style=\"text-align: center;\" align=\"center\"><b style=\"mso-bidi-font-weight: normal;\"><u><span style=\"font-size: 12.0pt; line-height: 115%; font-family: 'Arial','sans-serif';\">EL HONORABLE CONCEJO DELIBERANTE<\/span><\/u><\/b><\/p>\n<p class=\"Normal1\" style=\"text-align: center;\" align=\"center\"><b style=\"mso-bidi-font-weight: normal;\"><u><span style=\"font-size: 12.0pt; line-height: 115%; font-family: 'Arial','sans-serif';\">DE CURUZU CUATIA<\/span><\/u><\/b><\/p>\n<h3 style=\"line-height: 150%; text-align: center;\"><b style=\"mso-bidi-font-weight: normal;\"><u><span style=\"font-family: 'Arial','sans-serif';\">RESUELVE<\/span><\/u><\/b><\/h3>\n<p class=\"MsoNormal\"><span style=\"font-size: 12.0pt; line-height: 115%; font-family: 'Arial','sans-serif'; color: black;\">\u00a0<\/span><\/p>\n<p style=\"margin: 0cm; margin-bottom: .0001pt; text-align: justify; background: white;\"><b><span style=\"font-family: 'Arial','sans-serif'; color: #363636;\">Art. 1\u00ba.- SOLICITAR <\/span><\/b><span style=\"font-family: 'Arial','sans-serif'; color: #363636;\">al Hospital Civil Fernando Irastorza y al Ministerio de Salud de la Provincia de Corrientes, enviar el listado completo con nombres y apellidos, D.N.I, fecha de inscripci\u00f3n en la p\u00e1gina virtual y patolog\u00eda de las personas que han recibido su dosis de vacuna los d\u00edas 28 y 29 de mayo del corriente.-<\/span><\/p>\n<p style=\"margin: 0cm; margin-bottom: .0001pt; text-align: justify; background: white;\"><b><span style=\"font-family: 'Arial','sans-serif'; color: #363636;\">\u00a0<\/span><\/b><\/p>\n<p class=\"MsoNormal\" style=\"text-align: justify;\"><b><span style=\"font-family: 'Arial','sans-serif'; color: #363636;\">\u00a0<\/span><\/b><b><span lang=\"ES-AR\" style=\"font-size: 12.0pt; line-height: 115%; font-family: 'Arial','sans-serif'; mso-ansi-language: ES-AR;\">ART. 2\u00ba: <\/span><\/b><b style=\"mso-bidi-font-weight: normal;\"><span style=\"font-size: 12.0pt; line-height: 115%; font-family: 'Arial','sans-serif';\">COMUNIQUESE <\/span><\/b><span style=\"font-size: 12.0pt; line-height: 115%; font-family: 'Arial','sans-serif';\">al D.E, publ\u00edquese, reg\u00edstrese y arch\u00edvese<b style=\"mso-bidi-font-weight: normal;\">.<\/b><\/span><\/p>\n<p class=\"MsoNormal\" style=\"text-align: justify;\"><b style=\"mso-bidi-font-weight: normal;\"><span style=\"font-family: 'Arial','sans-serif';\">SALA DE SESIONES DEL H.C.D, 04 de Junio de 2021.-<\/span><\/b><\/p>\n<p class=\"MsoNoSpacing\" style=\"text-align: justify; line-height: 150%;\"><b style=\"mso-bidi-font-weight: normal;\"><span style=\"font-size: 12.0pt; line-height: 150%; font-family: 'Arial','sans-serif';\">CURUZ\u00da CUATI\u00c1, CORRIENTES.-<\/span><\/b><\/p>\n<p class=\"MsoNormal\"><span lang=\"ES-MX\" style=\"mso-ansi-language: ES-MX;\">\u00a0<\/span><\/p>\n<hr \/>\n<h3 style=\"line-height: 150%;\"><u><\/u><b style=\"mso-bidi-font-weight: normal;\"><u><span style=\"font-family: 'Arial','sans-serif'; mso-fareast-font-family: 'Times New Roman';\">RESOLUCI\u00d3N N\u00ba 04\/2021<\/span><\/u><\/b><u><\/u><\/h3>\n<p class=\"Normal1\" style=\"text-align: center;\" align=\"center\"><b style=\"mso-bidi-font-weight: normal;\"><u><span style=\"font-size: 12.0pt; line-height: 115%; font-family: 'Arial','sans-serif';\">EL HONORABLE CONCEJO DELIBERANTE<\/span><\/u><\/b><\/p>\n<p class=\"Normal1\" style=\"text-align: center;\" align=\"center\"><b style=\"mso-bidi-font-weight: normal;\"><u><span style=\"font-size: 12.0pt; line-height: 115%; font-family: 'Arial','sans-serif';\">DE CURUZU CUATIA<\/span><\/u><\/b><\/p>\n<h3 style=\"line-height: 150%; text-align: center;\"><b style=\"mso-bidi-font-weight: normal;\"><u><span style=\"font-family: 'Arial','sans-serif';\">RESUELVE<\/span><\/u><\/b><\/h3>\n<p class=\"MsoNormal\"><span style=\"font-size: 12.0pt; line-height: 115%; font-family: 'Arial','sans-serif'; color: black;\">\u00a0<\/span><\/p>\n<p class=\"MsoNormal\" style=\"margin-bottom: .0001pt; line-height: normal;\"><b><span style=\"font-size: 12.0pt; font-family: 'Arial','sans-serif'; mso-fareast-font-family: 'Times New Roman'; color: black;\">Art. 1\u00b0: OTORGAR <\/span><\/b><span style=\"font-size: 12.0pt; font-family: 'Arial','sans-serif'; mso-fareast-font-family: 'Times New Roman'; color: black;\">una ayuda econ\u00f3mica de\u00a0 pesos doce mil quinientos ($12.500) a la Sr. a la Mar\u00eda Luisa Franco, D.N.I. N\u00b0 16.311.129.<\/span><\/p>\n<p class=\"MsoNormal\" style=\"margin-bottom: .0001pt; line-height: normal;\"><span style=\"font-size: 12.0pt; font-family: 'Times New Roman','serif'; mso-fareast-font-family: 'Times New Roman';\">\u00a0<\/span><\/p>\n<p class=\"MsoNormal\" style=\"margin-bottom: .0001pt; line-height: normal;\"><b><span style=\"font-size: 12.0pt; font-family: 'Arial','sans-serif'; mso-fareast-font-family: 'Times New Roman'; color: black;\">Art. 2\u00b0: ESTABLECER <\/span><\/b><span style=\"font-size: 12.0pt; font-family: 'Arial','sans-serif'; mso-fareast-font-family: 'Times New Roman'; color: black;\">que el importe de la erogaci\u00f3n ser\u00e1 imputado al presupuesto del H.C.D.<\/span><\/p>\n<p class=\"MsoNormal\" style=\"margin-bottom: .0001pt; line-height: normal;\"><span style=\"font-size: 12.0pt; font-family: 'Times New Roman','serif'; mso-fareast-font-family: 'Times New Roman';\">\u00a0<\/span><\/p>\n<p class=\"MsoNormal\" style=\"text-align: justify;\"><b><span style=\"font-size: 12.0pt; line-height: 115%; font-family: 'Arial','sans-serif'; mso-fareast-font-family: 'Times New Roman'; color: black;\">Art. 3\u00b0: <\/span><\/b><b style=\"mso-bidi-font-weight: normal;\"><span style=\"font-size: 12.0pt; line-height: 115%; font-family: 'Arial','sans-serif';\">COMUNIQUESE <\/span><\/b><span style=\"font-size: 12.0pt; line-height: 115%; font-family: 'Arial','sans-serif';\">al D.E, publ\u00edquese, reg\u00edstrese y arch\u00edvese<b style=\"mso-bidi-font-weight: normal;\">.-<\/b><\/span><\/p>\n<p class=\"MsoNormal\" style=\"text-align: justify;\"><b style=\"mso-bidi-font-weight: normal;\"><span style=\"font-family: 'Arial','sans-serif';\">\u00a0<\/span><\/b><\/p>\n<p style=\"text-align: justify; background: white; margin: 0cm 0cm 12.0pt 0cm;\"><b style=\"mso-bidi-font-weight: normal;\"><span style=\"font-family: 'Arial','sans-serif';\">SALA DE SESIONES DEL H.C.D, 04 de Junio de 2021<\/span><\/b><\/p>\n<p class=\"MsoNoSpacing\" style=\"text-align: justify; line-height: 150%;\"><b style=\"mso-bidi-font-weight: normal;\"><span style=\"font-size: 12.0pt; line-height: 150%; font-family: 'Arial','sans-serif';\">CURUZ\u00da CUATI\u00c1, CORRIENTES.-<\/span><\/b><\/p>\n<p class=\"MsoNormal\"><span lang=\"ES-MX\" style=\"mso-ansi-language: ES-MX;\">\u00a0<\/span><\/p>\n<hr \/>\n<h3 style=\"line-height: 150%;\"><u><\/u><b style=\"mso-bidi-font-weight: normal;\"><u><span style=\"font-family: 'Arial','sans-serif'; mso-fareast-font-family: 'Times New Roman';\">RESOLUCI\u00d3N N\u00ba 03\/2021<\/span><\/u><\/b><\/h3>\n<p class=\"Normal1\" style=\"text-align: center;\" align=\"center\"><b style=\"mso-bidi-font-weight: normal;\"><u><span style=\"font-size: 12.0pt; line-height: 115%; font-family: 'Arial','sans-serif';\"><span style=\"text-decoration: none;\">\u00a0<\/span><\/span><\/u><\/b><\/p>\n<p class=\"Normal1\" style=\"text-align: center;\" align=\"center\"><b style=\"mso-bidi-font-weight: normal;\"><u><span style=\"font-size: 12.0pt; line-height: 115%; font-family: 'Arial','sans-serif';\">EL HONORABLE CONCEJO DELIBERANTE<\/span><\/u><\/b><\/p>\n<p class=\"Normal1\" style=\"text-align: center;\" align=\"center\"><b style=\"mso-bidi-font-weight: normal;\"><u><span style=\"font-size: 12.0pt; line-height: 115%; font-family: 'Arial','sans-serif';\">DE CURUZU CUATIA<\/span><\/u><\/b><\/p>\n<h3 style=\"line-height: 150%; text-align: center;\"><b style=\"mso-bidi-font-weight: normal;\"><u><span style=\"font-family: 'Arial','sans-serif';\">RESUELVE<\/span><\/u><\/b><\/h3>\n<p class=\"Normal1\"><span style=\"font-size: 12.0pt; line-height: 115%;\">\u00a0<\/span><\/p>\n<p class=\"MsoNormal\"><span style=\"font-size: 12.0pt; line-height: 115%; font-family: 'Arial','sans-serif'; color: black;\">\u00a0<\/span><\/p>\n<p style=\"margin: 0cm; margin-bottom: .0001pt; text-align: justify; background: white;\"><b><span style=\"font-family: 'Arial','sans-serif'; color: #363636;\">Art. 1\u00ba.- SOLICITAR <\/span><\/b><b style=\"mso-bidi-font-weight: normal;\"><span style=\"font-family: 'Arial','sans-serif'; color: #363636;\">al D.E.M. que a trav\u00e9s del \u00e1rea que corresponda realice los arreglos de todas las calles internas del Barrio \u201cPaso Ancho\u201d.\u00a0<\/span><\/b><\/p>\n<p style=\"text-align: justify; background: white; margin: 0cm 0cm 12.0pt 0cm;\"><b><span style=\"font-family: 'Arial','sans-serif'; color: #363636;\">\u00a0<\/span><\/b><\/p>\n<p class=\"MsoNormal\" style=\"text-align: justify;\"><b><span style=\"font-family: 'Arial','sans-serif'; color: #363636;\">\u00a0<\/span><\/b><b><span lang=\"ES-AR\" style=\"font-size: 12.0pt; line-height: 115%; font-family: 'Arial','sans-serif'; mso-ansi-language: ES-AR;\">ART. 2\u00ba.-<\/span><\/b><b style=\"mso-bidi-font-weight: normal;\"><span style=\"font-size: 12.0pt; line-height: 115%; font-family: 'Arial','sans-serif';\"> COMUNIQUESE al D.E, publ\u00edquese, reg\u00edstrese y arch\u00edvese.<\/span><\/b><\/p>\n<p style=\"text-align: justify; background: white; margin: 0cm 0cm 12.0pt 0cm;\"><b style=\"mso-bidi-font-weight: normal;\"><span style=\"font-family: 'Arial','sans-serif';\">\u00a0<\/span><\/b><\/p>\n<p style=\"text-align: justify; background: white; margin: 0cm 0cm 12.0pt 0cm;\"><b style=\"mso-bidi-font-weight: normal;\"><span style=\"font-family: 'Arial','sans-serif';\">SALA DE SESIONES DEL H.C.D, 07 de Mayo de 2021<\/span><\/b><\/p>\n<p class=\"MsoNoSpacing\" style=\"text-align: justify; line-height: 150%;\"><b style=\"mso-bidi-font-weight: normal;\"><span style=\"font-size: 12.0pt; line-height: 150%; font-family: 'Arial','sans-serif';\">CURUZ\u00da CUATI\u00c1, CORRIENTES.-<\/span><\/b><\/p>\n<p class=\"MsoNormal\"><span lang=\"ES-MX\" style=\"mso-ansi-language: ES-MX;\">\u00a0<\/span><\/p>\n<hr \/>\n<h3 style=\"line-height: 150%;\"><u><\/u><b style=\"mso-bidi-font-weight: normal;\"><u><span style=\"font-family: 'Arial','sans-serif'; mso-fareast-font-family: 'Times New Roman';\">RESOLUCI\u00d3N N\u00ba 02\/2021<\/span><\/u><\/b><\/h3>\n<p class=\"Normal1\" style=\"text-align: center;\" align=\"center\"><b style=\"mso-bidi-font-weight: normal;\"><u><span style=\"font-size: 12.0pt; line-height: 115%; font-family: 'Arial','sans-serif';\"><span style=\"text-decoration: none;\">\u00a0<\/span><\/span><\/u><\/b><\/p>\n<p class=\"Normal1\" style=\"text-align: center;\" align=\"center\"><b style=\"mso-bidi-font-weight: normal;\"><u><span style=\"font-size: 12.0pt; line-height: 115%; font-family: 'Arial','sans-serif';\">EL HONORABLE CONCEJO DELIBERANTE<\/span><\/u><\/b><\/p>\n<p class=\"Normal1\" style=\"text-align: center;\" align=\"center\"><b style=\"mso-bidi-font-weight: normal;\"><u><span style=\"font-size: 12.0pt; line-height: 115%; font-family: 'Arial','sans-serif';\">DE CURUZU CUATIA<\/span><\/u><\/b><\/p>\n<h3 style=\"line-height: 150%; text-align: center;\"><b style=\"mso-bidi-font-weight: normal;\"><u><span style=\"font-family: 'Arial','sans-serif';\">RESUELVE<\/span><\/u><\/b><\/h3>\n<p class=\"Normal1\"><span style=\"font-size: 12.0pt; line-height: 115%;\">\u00a0<\/span><\/p>\n<p class=\"MsoNormal\"><span style=\"font-size: 12.0pt; line-height: 115%; font-family: 'Arial','sans-serif'; color: black;\">\u00a0<\/span><\/p>\n<p class=\"MsoNormal\" style=\"text-align: justify;\"><b style=\"mso-bidi-font-weight: normal;\"><span style=\"font-size: 12.0pt; line-height: 115%; font-family: 'Arial','sans-serif'; color: black;\">Art. 1\u00b0-. Que el D.E.M <\/span><\/b><span style=\"font-size: 12.0pt; line-height: 115%; font-family: 'Arial','sans-serif'; color: black;\">incluya dentro del Plan de Pavimentaci\u00f3n a la calle Rodr\u00edguez Pe\u00f1a al 1200, entre Vieytes y Castelli.-<\/span><\/p>\n<p class=\"MsoNormal\"><b style=\"mso-bidi-font-weight: normal;\"><span style=\"font-size: 12.0pt; line-height: 115%; font-family: 'Arial','sans-serif'; color: black;\">Art. 2\u00b0-. De Forma.<\/span><\/b><\/p>\n<p class=\"MsoNoSpacing\" style=\"text-align: justify; line-height: 150%;\"><b style=\"mso-bidi-font-weight: normal;\"><span style=\"font-size: 12.0pt; line-height: 150%; font-family: 'Arial','sans-serif';\">\u00a0<\/span><\/b><\/p>\n<p class=\"MsoNoSpacing\" style=\"text-align: justify; line-height: 150%;\"><b style=\"mso-bidi-font-weight: normal;\"><span style=\"font-size: 12.0pt; line-height: 150%; font-family: 'Arial','sans-serif';\">SALA DE SESIONES DEL H.C.D, 31 de Marzo de 2021<\/span><\/b><\/p>\n<p class=\"MsoNoSpacing\" style=\"text-align: justify; line-height: 150%;\"><b style=\"mso-bidi-font-weight: normal;\"><span style=\"font-size: 12.0pt; line-height: 150%; font-family: 'Arial','sans-serif';\">CURUZ\u00da CUATI\u00c1, CORRIENTES.-<\/span><\/b><\/p>\n<p class=\"MsoNormal\"><span style=\"font-size: 12.0pt; line-height: 115%; font-family: 'Arial','sans-serif'; color: black;\">\u00a0<\/span><\/p>\n<p class=\"MsoNormal\"><span style=\"font-family: 'Arial','sans-serif'; color: black;\">\u00a0<\/span><\/p>\n<hr \/>\n<p class=\"MsoNormal\"><b style=\"mso-bidi-font-weight: normal;\"><u><span style=\"font-family: 'Arial','sans-serif'; mso-fareast-font-family: 'Times New Roman';\">RESOLUCI\u00d3N N\u00ba 01\/2021<\/span><\/u><\/b><\/p>\n<p class=\"Normal1\" style=\"text-align: center;\" align=\"center\"><b style=\"mso-bidi-font-weight: normal;\"><u><span style=\"font-size: 12.0pt; line-height: 115%; font-family: 'Arial','sans-serif';\"><span style=\"text-decoration: none;\">\u00a0<\/span><\/span><\/u><\/b><\/p>\n<p class=\"Normal1\" style=\"text-align: center;\" align=\"center\"><b style=\"mso-bidi-font-weight: normal;\"><u><span style=\"font-size: 12.0pt; line-height: 115%; font-family: 'Arial','sans-serif';\">EL HONORABLE CONCEJO DELIBERANTE<\/span><\/u><\/b><\/p>\n<p class=\"Normal1\" style=\"text-align: center;\" align=\"center\"><b style=\"mso-bidi-font-weight: normal;\"><u><span style=\"font-size: 12.0pt; line-height: 115%; font-family: 'Arial','sans-serif';\">DE CURUZU CUATIA<\/span><\/u><\/b><\/p>\n<h3 style=\"line-height: 150%; text-align: center;\"><b style=\"mso-bidi-font-weight: normal;\"><u><span style=\"font-family: 'Arial','sans-serif';\">RESUELVE<\/span><\/u><\/b><u><\/u><\/h3>\n<p class=\"MsoNormal\" style=\"text-align: justify;\"><b><span style=\"font-size: 12.0pt; line-height: 115%; font-family: 'Arial','sans-serif';\">\u00a0<\/span><\/b><\/p>\n<p class=\"MsoNormal\" style=\"text-align: justify;\"><b><span style=\"font-size: 12.0pt; line-height: 115%; font-family: 'Arial','sans-serif';\">\u00a0<\/span><\/b><\/p>\n<p class=\"Normal1\" style=\"margin-bottom: .0001pt; text-align: justify; line-height: normal; tab-stops: center 212.6pt right 425.2pt;\"><b><span lang=\"ES-AR\" style=\"font-size: 12.0pt; font-family: 'Arial','sans-serif'; mso-ansi-language: ES-AR;\">ART. 1\u00ba.-<\/span><\/b> <b style=\"mso-bidi-font-weight: normal;\"><span style=\"font-size: 12.0pt; font-family: 'Arial','sans-serif';\">DESIGNAR <\/span><\/b><span style=\"font-size: 12.0pt; font-family: 'Arial','sans-serif';\">al <b style=\"mso-bidi-font-weight: normal;\"><span style=\"color: black; mso-themecolor: text1;\">Dr. Fernando An\u00edbal Dom\u00ednguez, D.N.I N\u00b0 26.436.593<\/span><\/b><span style=\"color: black; mso-themecolor: text1;\">, <\/span><span style=\"color: black;\">para ocupar el cargo de Secretario de este H. C. D., en la clase y categor\u00eda que corresponde al cargo de Secretario.-<\/span><\/span><\/p>\n<p class=\"MsoNormal\" style=\"text-align: justify;\"><span style=\"font-size: 12.0pt; line-height: 115%; font-family: 'Arial','sans-serif'; mso-bidi-font-weight: bold;\">\u00a0<\/span><\/p>\n<p class=\"MsoNormal\" style=\"text-align: justify;\"><b><span lang=\"ES-AR\" style=\"font-size: 12.0pt; line-height: 115%; font-family: 'Arial','sans-serif'; mso-ansi-language: ES-AR;\">ART. 2\u00ba.-<\/span><\/b><b style=\"mso-bidi-font-weight: normal;\"><span style=\"font-size: 12.0pt; line-height: 115%; font-family: 'Arial','sans-serif';\"> COMUNIQUESE al D.E, publ\u00edquese, reg\u00edstrese y arch\u00edvese.<\/span><\/b><\/p>\n<p class=\"MsoNormal\" style=\"text-align: justify;\"><b style=\"mso-bidi-font-weight: normal;\"><span style=\"font-size: 12.0pt; line-height: 115%; font-family: 'Arial','sans-serif';\">\u00a0<\/span><\/b><\/p>\n<p class=\"MsoNoSpacing\" style=\"text-align: justify; line-height: 150%;\"><b style=\"mso-bidi-font-weight: normal;\"><span style=\"font-size: 12.0pt; line-height: 150%; font-family: 'Arial','sans-serif';\">SALA DE SESIONES DEL H.C.D, 10 de Marzo de 2021<\/span><\/b><\/p>\n<p class=\"MsoNoSpacing\" style=\"text-align: justify; line-height: 150%;\"><b style=\"mso-bidi-font-weight: normal;\"><span style=\"font-size: 12.0pt; line-height: 150%; font-family: 'Arial','sans-serif';\">\u00a0<\/span><\/b><\/p>\n<p class=\"MsoNoSpacing\" style=\"text-align: justify; line-height: 150%;\"><b style=\"mso-bidi-font-weight: normal;\"><span style=\"font-size: 12.0pt; line-height: 150%; font-family: 'Arial','sans-serif';\">CURUZ\u00da CUATI\u00c1, CORRIENTES.-<\/span><\/b><\/p>\n<p class=\"MsoNormal\"><span lang=\"ES-MX\" style=\"mso-ansi-language: ES-MX;\">\u00a0<\/span><\/p>\n","protected":false},"excerpt":{"rendered":"<p>RESOLUCI\u00d3N N\u00ba 18\/2021 EL HONORABLE CONCEJO DELIBERANTE DE CURUZU CUATIA RESUELVE \u00a0 Art.1\u00ba.- Aprobar los diplomas y disponer la incorporaci\u00f3n al Honorable Concejo Deliberante, previo cumplimiento de las formalidades de ley, para desempe\u00f1arse como Concejales desde el 10 de Diciembre de 2.021, y hasta el 10 de Diciembre del 2.025 de los Sres. Arbelo Oscar [&hellip;]<\/p>\n","protected":false},"author":1,"featured_media":0,"comment_status":"open","ping_status":"open","sticky":false,"template":"","format":"standard","meta":{"footnotes":""},"categories":[8],"tags":[],"class_list":["post-1191","post","type-post","status-publish","format-standard","hentry","category-resoluciones"],"brizy_media":[],"_links":{"self":[{"href":"https:\/\/concejocuruzucuatia.gob.ar\/wp\/wp-json\/wp\/v2\/posts\/1191","targetHints":{"allow":["GET"]}}],"collection":[{"href":"https:\/\/concejocuruzucuatia.gob.ar\/wp\/wp-json\/wp\/v2\/posts"}],"about":[{"href":"https:\/\/concejocuruzucuatia.gob.ar\/wp\/wp-json\/wp\/v2\/types\/post"}],"author":[{"embeddable":true,"href":"https:\/\/concejocuruzucuatia.gob.ar\/wp\/wp-json\/wp\/v2\/users\/1"}],"replies":[{"embeddable":true,"href":"https:\/\/concejocuruzucuatia.gob.ar\/wp\/wp-json\/wp\/v2\/comments?post=1191"}],"version-history":[{"count":0,"href":"https:\/\/concejocuruzucuatia.gob.ar\/wp\/wp-json\/wp\/v2\/posts\/1191\/revisions"}],"wp:attachment":[{"href":"https:\/\/concejocuruzucuatia.gob.ar\/wp\/wp-json\/wp\/v2\/media?parent=1191"}],"wp:term":[{"taxonomy":"category","embeddable":true,"href":"https:\/\/concejocuruzucuatia.gob.ar\/wp\/wp-json\/wp\/v2\/categories?post=1191"},{"taxonomy":"post_tag","embeddable":true,"href":"https:\/\/concejocuruzucuatia.gob.ar\/wp\/wp-json\/wp\/v2\/tags?post=1191"}],"curies":[{"name":"wp","href":"https:\/\/api.w.org\/{rel}","templated":true}]}}