{"id":1157,"date":"2021-05-14T23:26:58","date_gmt":"2021-05-14T23:26:58","guid":{"rendered":"https:\/\/concejocuruzucuatia.gob.ar\/wp\/2021\/05\/14\/informe-de-prensa-hcd-sesion-14-de-mayo-de-2021\/"},"modified":"2021-05-14T23:26:58","modified_gmt":"2021-05-14T23:26:58","slug":"informe-de-prensa-hcd-sesion-14-de-mayo-de-2021","status":"publish","type":"post","link":"https:\/\/concejocuruzucuatia.gob.ar\/wp\/2021\/05\/14\/informe-de-prensa-hcd-sesion-14-de-mayo-de-2021\/","title":{"rendered":"Informe de Prensa HCD \/ Sesi\u00f3n 14 de mayo de 2021"},"content":{"rendered":"<p class=\"MsoNormal\" style=\"text-align: justify;\"><span style=\"font-size: 12.0pt; line-height: 115%; font-family: 'Arial','sans-serif';\"><img decoding=\"async\" src=\"images\/140521-sesion-3.JPG\" alt=\"\" \/><\/span><\/p>\n<p class=\"MsoNormal\" style=\"text-align: justify;\"><span style=\"font-size: 12.0pt; line-height: 115%; font-family: 'Arial','sans-serif';\">Pasadas las 19hs. del viernes 14 de mayo del corriente, la presidente del cuerpo la Sra. Mariel Naya Yrigoyen y el secretario Dr. Fernando Dom\u00ednguez, con la ausencia justificada del concejal Andr\u00e9s Ortiz, dieron inicio a la sesi\u00f3n del d\u00eda de la fecha.<\/span><\/p>\n<p class=\"MsoNormal\" style=\"text-align: justify;\"><span style=\"font-size: 12.0pt; line-height: 115%; font-family: 'Arial','sans-serif';\">Seguidamente la presidente someti\u00f3 a votaci\u00f3n el orden del d\u00eda el que fue aprobado un\u00e1nimemente.<\/span><\/p>\n<p class=\"MsoNormal\" style=\"text-align: justify;\"><span style=\"font-size: 12.0pt; line-height: 115%; font-family: 'Arial','sans-serif';\">A continuaci\u00f3n se trat\u00f3 el primer punto referido a lectura y consideraci\u00f3n<span style=\"mso-spacerun: yes;\">\u00a0 <\/span>del<span style=\"mso-spacerun: yes;\">\u00a0 <\/span>Acta<span style=\"mso-spacerun: yes;\">\u00a0 <\/span>N\u00b0 1574, la que fue aprobada un\u00e1nimemente.<\/span><\/p>\n<p class=\"MsoNormal\" style=\"text-align: justify;\"><span style=\"font-size: 12.0pt; line-height: 115%; font-family: 'Arial','sans-serif';\">El 2\u00b0 punto tratado fue de despachos, de la comisi\u00f3n de Gobierno el Epxte. N\u00b0 5572\/2021 de crear el \u201cBanco Municipal de Elementos Ortop\u00e9dicos\u201d. El concejal Santini comenz\u00f3 diciendo que es un proyecto completo y amplio. Sigui\u00f3 comentando que actualmente la instituci\u00f3n viene haciendo este tipo de acciones desde hace mucho tiempo es el Club de Leones con mucho sacrificio y con este proyecto el ejecutivo podr\u00e1 satisfacer las necesidades de las personas con discapacidades. Luego solicit\u00f3 el acompa\u00f1amiento de los concejales el que fue un\u00e1nimemente.<span style=\"mso-spacerun: yes;\">\u00a0\u00a0\u00a0 <\/span><\/span><\/p>\n<p class=\"MsoNormal\" style=\"text-align: center;\" align=\"center\"><span style=\"font-size: 12.0pt; line-height: 115%; font-family: 'Arial','sans-serif';\">EL HONORABLE CONCEJO DELIBERANTE<\/span><\/p>\n<p class=\"MsoNormal\" style=\"text-align: center;\" align=\"center\"><span style=\"font-size: 12.0pt; line-height: 115%; font-family: 'Arial','sans-serif';\">DE CURUZ\u00da CUATI\u00c1 <\/span><\/p>\n<p class=\"MsoNormal\" style=\"text-align: center;\" align=\"center\"><span style=\"font-size: 12.0pt; line-height: 115%; font-family: 'Arial','sans-serif';\">SANCIONA CON FUERZA DE<\/span><\/p>\n<p class=\"MsoNormal\" style=\"text-align: center;\" align=\"center\"><span style=\"font-size: 12.0pt; line-height: 115%; font-family: 'Arial','sans-serif';\">ORDENANZA<\/span><\/p>\n<p class=\"MsoNormal\" style=\"text-align: justify;\"><span style=\"font-size: 12.0pt; line-height: 115%; font-family: 'Arial','sans-serif';\">Art. 1\u00b0: CREAR<span style=\"mso-spacerun: yes;\">\u00a0 <\/span>el \u201c BANCO MUNICIPAL DE ELEMENTOS ORTOP\u00c9DICOS\u201d que tendr\u00e1 como funciones adquirir y administrar dichos elementos aptos para satisfacer las necesidades de las personas con discapacidades transitorias o definitivas.-<\/span><\/p>\n<p class=\"MsoNormal\" style=\"text-align: justify;\"><span style=\"font-size: 12.0pt; line-height: 115%; font-family: 'Arial','sans-serif';\">Art. 2\u00b0: Los beneficiarios de los elementos ortop\u00e9dicos del BANCO MINICIPAL ser\u00e1n principalmente las personas de escasos recursos econ\u00f3micos, en situaci\u00f3n de vulnerabilidad social y que carezcan de cobertura de obras sociales o el sistema de salud.-<\/span><\/p>\n<p class=\"MsoNormal\" style=\"text-align: justify;\"><span style=\"font-size: 12.0pt; line-height: 115%; font-family: 'Arial','sans-serif';\">Art. 3\u00b0: Los<span style=\"mso-spacerun: yes;\">\u00a0 <\/span>elementos ortop\u00e9dicos ser\u00e1n entregados en comodato o pr\u00e9stamo con cargo de devoluci\u00f3n cuando esto sea posible, por parte del mismo receptor o de sus familiares.-<\/span><\/p>\n<p class=\"MsoNormal\" style=\"text-align: justify;\"><span style=\"font-size: 12.0pt; line-height: 115%; font-family: 'Arial','sans-serif';\">Art. 4\u00b0: FACULTAR al D.E.M. a realizar convenios con empresas, entidades educativas y la Escuela T\u00e9cnica \u201cIng. G\u00f3mez Araujo\u201d de nuestra ciudad, a los efectos de coordinar la construcci\u00f3n y reparaci\u00f3n de elementos ortop\u00e9dicos administrados por el BANCO MUNICIPAL.-<\/span><\/p>\n<p class=\"MsoNormal\" style=\"text-align: justify;\"><span style=\"font-size: 12.0pt; line-height: 115%; font-family: 'Arial','sans-serif';\">Art. 5\u00b0: Ser\u00e1 autoridad de aplicaci\u00f3n de la presente Ordenanza el \u00e1rea del Departamento Ejecutivo competente en la materia de Discapacidad.-<\/span><\/p>\n<p class=\"MsoNormal\" style=\"text-align: justify;\"><span style=\"font-size: 12.0pt; line-height: 115%; font-family: 'Arial','sans-serif';\">Art. 6\u00b0: De forma.<\/span><\/p>\n<p class=\"MsoNormal\" style=\"text-align: justify;\"><span style=\"font-size: 12.0pt; line-height: 115%; font-family: 'Arial','sans-serif';\"><img decoding=\"async\" src=\"images\/140521-sesion-1.JPG\" alt=\"\" \/><\/span><\/p>\n<p class=\"MsoNormal\" style=\"text-align: justify;\"><span style=\"font-size: 12.0pt; line-height: 115%; font-family: 'Arial','sans-serif';\">El 3er. punto fue el de los proyectos ingresados, de Ordenanza<span style=\"mso-spacerun: yes;\">\u00a0 <\/span>del Bloque Peronismo de Todos de adherir a la Ley Nacional N\u00b0 27.545 \u201cDE GONDOLAS\u201d y las normas que las reglamente y aplique. Pas\u00f3 a comisi\u00f3n de Gobierno.<\/span><\/p>\n<p class=\"MsoNormal\" style=\"text-align: justify;\"><span style=\"font-size: 12.0pt; line-height: 115%; font-family: 'Arial','sans-serif';\">Del Bloque U.C.R de Declarar ciudadano destacado de la ciudad de Curuz\u00fa Cuati\u00e1, al Sr. Justo Pastor Pucheta, vecino de nuestra ciudad. Pas\u00f3 a comisi\u00f3n de Gobierno.<\/span><\/p>\n<p class=\"MsoNormal\" style=\"text-align: justify;\"><span style=\"font-size: 12.0pt; line-height: 115%; font-family: 'Arial','sans-serif';\">Proyecto de Resoluci\u00f3n del bloque proyecto corrientes, solicitar al D.E.M que a trav\u00e9s del \u00e1rea que corresponda realice los arreglos de las calles internas del B\u00b0 Abel Eugenio Grela, 66, 35 y 40 Viviendas de nuestra ciudad. El concejal Farinon luego de solicitar la lectura del proyecto pidi\u00f3 un cuarto intermedio el que fue aprobado para escuchar al presidente de la comisi\u00f3n del Barrio Eugenio Grela, Don Ricardo Salinas quien expres\u00f3 sobre las necesidades solicitadas a trav\u00e9s del proyecto presentado por el concejal. Pas\u00f3 a comisi\u00f3n de Obras.<\/span><\/p>\n<p class=\"MsoNormal\" style=\"text-align: justify;\"><span style=\"font-size: 12.0pt; line-height: 115%; font-family: 'Arial','sans-serif';\">El 4\u00b0 punto fue referido a comunicaciones oficiales, primeramente del DEM, Bolet\u00edn Oficial Municipal N\u00b0 3.357.<\/span><\/p>\n<p class=\"MsoNormal\" style=\"text-align: justify;\"><span style=\"font-size: 12.0pt; line-height: 115%; font-family: 'Arial','sans-serif';\">El 5\u00b0 punto tratado fue el de comunicaciones privadas del Presidente del Centro de Soldados Veteranos de Guerra de las Islas Malvinas, a fin de complementar documentaci\u00f3n requerida, se adjunta la documentaci\u00f3n al expediente existente.<\/span><\/p>\n<p class=\"MsoNormal\" style=\"text-align: justify;\"><span style=\"font-size: 12.0pt; line-height: 115%; font-family: 'Arial','sans-serif';\">Del Instituto Superior de Curuz\u00fa Cuati\u00e1, presentando contrato para las pr\u00e1cticas profesionalizantes docentes y t\u00e9cnica. Se resolver\u00e1 por<span style=\"mso-spacerun: yes;\">\u00a0 <\/span>presidencia.<span style=\"mso-spacerun: yes;\">\u00a0<\/span><\/span><\/p>\n<p class=\"MsoNormal\" style=\"text-align: justify;\"><span style=\"font-size: 12.0pt; line-height: 115%; font-family: 'Arial','sans-serif';\"><span style=\"mso-spacerun: yes;\"><img loading=\"lazy\" decoding=\"async\" src=\"images\/140521-sesion-5.JPG\" alt=\"\" width=\"450\" height=\"302\" \/>\u00a0<img loading=\"lazy\" decoding=\"async\" src=\"images\/140521-sesion-6.JPG\" alt=\"\" width=\"449\" height=\"301\" \/><\/span><\/span><\/p>\n<p class=\"MsoNormal\" style=\"text-align: justify;\"><span style=\"font-size: 12.0pt; line-height: 115%; font-family: 'Arial','sans-serif';\">6\u00b0.- RESOLUCIONES DEL DEM:<\/span><\/p>\n<p class=\"MsoNormal\" style=\"text-align: justify;\"><span style=\"font-size: 12.0pt; line-height: 115%; font-family: 'Arial','sans-serif';\">N\u00b0 182: Adjudicar, a las empresas que se indican m\u00e1s abajo, los productos que resultaron m\u00e1s convenientes, reuniendo los requisitos de calidad establecidos y que mejor satisfacen las necesidades requeridas para los fines previstos, correspondiente al concurso de precio que tiene por objeto la \u201cadquisici\u00f3n de productos alimentarios\u201d los que ser\u00e1n destinados a la asistencia social a trav\u00e9s del C.I.C. en el marco de la pandemia COVID-19, cuya apertura de oferta se efectu\u00f3 conforme lo previsto, a las 11 hs. del lunes 3 de mayo del 2.021.-<\/span><\/p>\n<p class=\"MsoNormal\" style=\"text-align: justify;\"><span style=\"font-size: 12.0pt; line-height: 115%; font-family: 'Arial','sans-serif';\">N\u00b0 183: Otorgar ayuda econ\u00f3mica a la Sra. Melina Itat\u00ed Tamay, D.N.I N\u00b0 42.222.458.-<\/span><\/p>\n<p class=\"MsoNormal\" style=\"text-align: justify;\"><span style=\"font-size: 12.0pt; line-height: 115%; font-family: 'Arial','sans-serif';\">N\u00b0 184: Otorgar ayuda econ\u00f3mica a la Sra. Paulina Soledad L\u00f3pez, D.N.I N\u00b0 37.288.985.-<\/span><\/p>\n<p class=\"MsoNormal\" style=\"text-align: justify;\"><span style=\"font-size: 12.0pt; line-height: 115%; font-family: 'Arial','sans-serif';\">N\u00b0 185: Otorgar ayuda econ\u00f3mica a la Sra. Ver\u00f3nica Itat\u00ed Ojeda, D.N.I N\u00b0 13.349.035.-<\/span><\/p>\n<p class=\"MsoNormal\" style=\"text-align: justify;\"><span style=\"font-size: 12.0pt; line-height: 115%; font-family: 'Arial','sans-serif';\"><span style=\"mso-spacerun: yes;\">\u00a0<\/span>N\u00b0 186: Otorgar ayuda econ\u00f3mica al Sr. Carlos Jaime Fuceneco, D.N.I N\u00b0 13.013.686.-<\/span><\/p>\n<p class=\"MsoNormal\" style=\"text-align: justify;\"><span style=\"font-size: 12.0pt; line-height: 115%; font-family: 'Arial','sans-serif';\"><span style=\"mso-spacerun: yes;\">\u00a0<\/span>N\u00b0 187: Promulgar y ordenar la publicaci\u00f3n en el B.O, de la Ordenanza N\u00b0 3316, dictada por el H.C.D.-<\/span><\/p>\n<p class=\"MsoNormal\" style=\"text-align: justify;\"><span style=\"font-size: 12.0pt; line-height: 115%; font-family: 'Arial','sans-serif';\">N\u00b0 188: Otorgar ayuda econ\u00f3mica al Sr. Roberto Fabi\u00e1n Mart\u00ednez, D.N.I N\u00b0 36.027.426.-<\/span><\/p>\n<p class=\"MsoNormal\" style=\"text-align: justify;\"><span style=\"font-size: 12.0pt; line-height: 115%; font-family: 'Arial','sans-serif';\">N\u00b0 189: Designar al Sr. Mario Luis Chifflets Reggi, como coordinador de Plazas y Paseos.-<\/span><\/p>\n<p class=\"MsoNormal\" style=\"text-align: justify;\"><span style=\"font-size: 12.0pt; line-height: 115%; font-family: 'Arial','sans-serif';\">N\u00b0 190: Otorgar ayuda econ\u00f3mica al Sr. Jos\u00e9 Claudio Quiroz, D.N.I N\u00b0 29.094.780.-<\/span><\/p>\n<p class=\"MsoNormal\" style=\"text-align: justify;\"><span style=\"font-size: 12.0pt; line-height: 115%; font-family: 'Arial','sans-serif';\">N\u00b0 191: Otorgar ayuda econ\u00f3mica a la Sra. Juana Balbina Fern\u00e1ndez, D.N.I N\u00b0 11.640.286.-<\/span><\/p>\n<p class=\"MsoNormal\" style=\"text-align: justify;\"><span style=\"font-size: 12.0pt; line-height: 115%; font-family: 'Arial','sans-serif';\"><span style=\"mso-spacerun: yes;\">\u00a0<\/span>N\u00b0 192: Otorgar ayuda econ\u00f3mica a la Sra. Natalia Lujan Del Palacio, D.N.I N\u00b0 28.809.622.-<\/span><\/p>\n<p class=\"MsoNormal\" style=\"text-align: justify;\"><span style=\"font-size: 12.0pt; line-height: 115%; font-family: 'Arial','sans-serif';\">N\u00b0 193: Otorgar ayuda econ\u00f3mica a la Sra. Norma Itat\u00ed Paz, D.N.I N\u00b0 20.090.062.-<\/span><\/p>\n<p class=\"MsoNormal\" style=\"text-align: justify;\"><span style=\"font-size: 12.0pt; line-height: 115%; font-family: 'Arial','sans-serif';\">N\u00b0 194: Otorgar ayuda econ\u00f3mica a la Sra. Osvalda Dulcelina Ojeda, D.N.I N\u00b0 22.852.056.-<\/span><\/p>\n<p class=\"MsoNormal\" style=\"text-align: justify;\"><span style=\"font-size: 12.0pt; line-height: 115%; font-family: 'Arial','sans-serif';\">N\u00b0 195: Otorgar ayuda econ\u00f3mica a la Sra. Blanca Itat\u00ed Salas, D.N.I N\u00b0 14.383.475.-<\/span><\/p>\n<p class=\"MsoNormal\" style=\"text-align: justify;\"><span style=\"font-size: 12.0pt; line-height: 115%; font-family: 'Arial','sans-serif';\">N\u00b0 196: Otorgar ayuda econ\u00f3mica al Sr. Hugo Omar Vega, D.N.I N\u00b0 12.056.388.-<\/span><\/p>\n<p class=\"MsoNormal\" style=\"text-align: justify;\"><span style=\"font-size: 12.0pt; line-height: 115%; font-family: 'Arial','sans-serif';\">N\u00b0 197: Otorgar ayuda econ\u00f3mica a la Sra. Amelia Bel\u00e9n Duarte, D.N.I N\u00b0 27.700.390.-<\/span><\/p>\n<p class=\"MsoNormal\" style=\"text-align: justify;\"><span style=\"font-size: 12.0pt; line-height: 115%; font-family: 'Arial','sans-serif';\">N\u00b0 198: Otorgar ayuda econ\u00f3mica a la Sra.<span style=\"mso-spacerun: yes;\">\u00a0 <\/span>Ramona Graciela Maciel, D.N.I N\u00b0 26.895.682.-<\/span><\/p>\n<p class=\"MsoNormal\" style=\"text-align: justify;\"><span style=\"font-size: 12.0pt; line-height: 115%; font-family: 'Arial','sans-serif';\">No habiendo mas temas que tratar la presidente dio por finalizada la sesi\u00f3n del d\u00eda de la fecha.<\/span><\/p>\n","protected":false},"excerpt":{"rendered":"<p class=\"MsoNormal\" style=\"text-align: justify;\"><span style=\"font-size: 12.0pt; line-height: 115%; font-family: 'Arial','sans-serif';\"><img decoding=\"async\" src=\"images\/140521-sesion-3.JPG\" alt=\"\" \/><\/span><\/p>\n<p class=\"MsoNormal\" style=\"text-align: justify;\"><span style=\"font-size: 12.0pt; line-height: 115%; font-family: 'Arial','sans-serif';\">Pasadas las 19hs. del viernes 14 de mayo del corriente, la presidente del cuerpo la Sra. Mariel Naya Yrigoyen y el secretario Dr. Fernando Dom\u00ednguez, con la ausencia justificada del concejal Andr\u00e9s Ortiz, dieron inicio a la sesi\u00f3n del d\u00eda de la fecha.<\/span><\/p>\n","protected":false},"author":1,"featured_media":1156,"comment_status":"open","ping_status":"open","sticky":false,"template":"","format":"standard","meta":{"footnotes":""},"categories":[3],"tags":[],"class_list":["post-1157","post","type-post","status-publish","format-standard","has-post-thumbnail","hentry","category-uncategorised"],"brizy_media":[],"_links":{"self":[{"href":"https:\/\/concejocuruzucuatia.gob.ar\/wp\/wp-json\/wp\/v2\/posts\/1157","targetHints":{"allow":["GET"]}}],"collection":[{"href":"https:\/\/concejocuruzucuatia.gob.ar\/wp\/wp-json\/wp\/v2\/posts"}],"about":[{"href":"https:\/\/concejocuruzucuatia.gob.ar\/wp\/wp-json\/wp\/v2\/types\/post"}],"author":[{"embeddable":true,"href":"https:\/\/concejocuruzucuatia.gob.ar\/wp\/wp-json\/wp\/v2\/users\/1"}],"replies":[{"embeddable":true,"href":"https:\/\/concejocuruzucuatia.gob.ar\/wp\/wp-json\/wp\/v2\/comments?post=1157"}],"version-history":[{"count":0,"href":"https:\/\/concejocuruzucuatia.gob.ar\/wp\/wp-json\/wp\/v2\/posts\/1157\/revisions"}],"wp:featuredmedia":[{"embeddable":true,"href":"https:\/\/concejocuruzucuatia.gob.ar\/wp\/wp-json\/wp\/v2\/media\/1156"}],"wp:attachment":[{"href":"https:\/\/concejocuruzucuatia.gob.ar\/wp\/wp-json\/wp\/v2\/media?parent=1157"}],"wp:term":[{"taxonomy":"category","embeddable":true,"href":"https:\/\/concejocuruzucuatia.gob.ar\/wp\/wp-json\/wp\/v2\/categories?post=1157"},{"taxonomy":"post_tag","embeddable":true,"href":"https:\/\/concejocuruzucuatia.gob.ar\/wp\/wp-json\/wp\/v2\/tags?post=1157"}],"curies":[{"name":"wp","href":"https:\/\/api.w.org\/{rel}","templated":true}]}}