{"id":1151,"date":"2021-05-08T00:56:22","date_gmt":"2021-05-08T00:56:22","guid":{"rendered":"https:\/\/concejocuruzucuatia.gob.ar\/wp\/2021\/05\/08\/informe-de-prensa-hcd-sesion-7-de-mayo-de-2021\/"},"modified":"2021-05-08T00:56:22","modified_gmt":"2021-05-08T00:56:22","slug":"informe-de-prensa-hcd-sesion-7-de-mayo-de-2021","status":"publish","type":"post","link":"https:\/\/concejocuruzucuatia.gob.ar\/wp\/2021\/05\/08\/informe-de-prensa-hcd-sesion-7-de-mayo-de-2021\/","title":{"rendered":"Informe de Prensa HCD \/ Sesi\u00f3n 7 de mayo de 2021"},"content":{"rendered":"<p class=\"MsoNormal\" style=\"text-align: justify;\"><span style=\"font-size: 12.0pt; line-height: 115%; font-family: 'Arial','sans-serif';\"><img decoding=\"async\" src=\"images\/070521-sesion-2.JPG\" alt=\"\" \/><\/span><\/p>\n<p class=\"MsoNormal\" style=\"text-align: justify;\"><span style=\"font-size: 12.0pt; line-height: 115%; font-family: 'Arial','sans-serif';\">Pasadas las 20hs. del viernes 7 de mayo del corriente, la presidente del cuerpo la Sra. Mariel Naya Yrigoyen y el secretario Dr. Fernando Dom\u00ednguez, con la totalidad de los concejales presentes, dieron inicio a la sesi\u00f3n del d\u00eda de la fecha.<\/span><\/p>\n<p class=\"MsoNormal\" style=\"text-align: justify;\"><span style=\"font-size: 12.0pt; line-height: 115%; font-family: 'Arial','sans-serif';\">Seguidamente la presidente someti\u00f3 a votaci\u00f3n el orden del d\u00eda el que fue aprobado un\u00e1nimemente.<\/span><\/p>\n<p class=\"MsoNormal\" style=\"text-align: justify;\"><span style=\"font-size: 12.0pt; line-height: 115%; font-family: 'Arial','sans-serif';\">A continuaci\u00f3n se trat\u00f3 el primer punto referido a lectura y consideraci\u00f3n<span style=\"mso-spacerun: yes;\">\u00a0 <\/span>del<span style=\"mso-spacerun: yes;\">\u00a0 <\/span>Acta<span style=\"mso-spacerun: yes;\">\u00a0 <\/span>N\u00b0 1573, la que fue aprobada un\u00e1nimemente.<\/span><\/p>\n<p class=\"MsoNormal\" style=\"text-align: justify;\"><span style=\"font-size: 12.0pt; line-height: 115%; font-family: 'Arial','sans-serif';\">El 2\u00b0 punto tratado fue de despachos, primero de la comisi\u00f3n de Gobierno, Expte. N\u00b0 5571\/21 sobre el proyecto de Ordenanza, Concientizaci\u00f3n y capacitaci\u00f3n ambiental. Ley N\u00b0 27.592 \u201cYolanda\u201d. La concejal Muller coment\u00f3 sobre la importancia que lleva a la concientizaci\u00f3n del medio ambiente, el concejal Rubin agrega<span style=\"mso-spacerun: yes;\">\u00a0 <\/span>que el proyecto tiende a incorporar otra visi\u00f3n a los funcionarios que toman decisiones en relaci\u00f3n a este tema. La presidente someti\u00f3 a votaci\u00f3n y fue aprobada un\u00e1nimemente.<\/span><\/p>\n<p class=\"MsoNormal\" style=\"text-align: center;\" align=\"center\"><span style=\"font-size: 12.0pt; line-height: 115%; font-family: 'Arial','sans-serif';\">El Honorable Concejo Deliberante<\/span><\/p>\n<p class=\"MsoNormal\" style=\"text-align: center;\" align=\"center\"><span style=\"font-size: 12.0pt; line-height: 115%; font-family: 'Arial','sans-serif';\">de Curuz\u00fa Cuati\u00e1 Sanciona<\/span><\/p>\n<p class=\"MsoNormal\" style=\"text-align: center;\" align=\"center\"><span style=\"font-size: 12.0pt; line-height: 115%; font-family: 'Arial','sans-serif';\">con Fuerza de <\/span><\/p>\n<p class=\"MsoNormal\" style=\"text-align: center;\" align=\"center\"><span style=\"font-size: 12.0pt; line-height: 115%; font-family: 'Arial','sans-serif';\">Ordenanza<\/span><\/p>\n<p class=\"MsoNormal\" style=\"text-align: justify;\"><span style=\"font-size: 12.0pt; line-height: 115%; font-family: 'Arial','sans-serif';\">Art. 1\u00b0: INCORPORAR al ordenamiento municipal las disposiciones de la Ley Nacional N\u00b0 27.592 \u00abYOLANDA\u00bb, que tiene por objeto garantizar la formaci\u00f3n integral en ambiente, con perspectiva de desarrollo sostenible y con especial \u00e9nfasis en el cambio clim\u00e1tico para personas que se desempe\u00f1en en la funci\u00f3n p\u00fablica, en los t\u00e9rminos del art\u00edculo 15 de la misma.<\/span><\/p>\n<p class=\"MsoNormal\" style=\"text-align: justify;\"><span style=\"font-size: 12.0pt; line-height: 115%; font-family: 'Arial','sans-serif';\">Art. 2\u00b0: FACULTAR a la Presidencia del H.C.D. a realizar los convenios pertinentes con la autoridad de aplicaci\u00f3n de la Ley N\u00b0 27.592 para implementar la mencionada norma en el \u00e1mbito de la Municipalidad de Curuz\u00fa Cuati\u00e1, sin perjuicio de gestionar con el Gobierno Provincial y organizaciones no gubernamentales competentes la realizaci\u00f3n de las capacitaciones indicadas.<\/span><\/p>\n<p class=\"MsoNormal\" style=\"text-align: justify;\"><span style=\"font-size: 12.0pt; line-height: 115%; font-family: 'Arial','sans-serif';\">Art. 3\u00b0: De Forma.<\/span><\/p>\n<p class=\"MsoNormal\" style=\"text-align: justify;\"><span style=\"font-size: 12.0pt; line-height: 115%; font-family: 'Arial','sans-serif';\"><img decoding=\"async\" src=\"images\/070521-sesion-4.JPG\" alt=\"\" \/><\/span><\/p>\n<p class=\"MsoNormal\" style=\"text-align: justify;\"><span style=\"font-size: 12.0pt; line-height: 115%; font-family: 'Arial','sans-serif';\">Luego se trat\u00f3 el Expte. N\u00b0 5573\/21 de adherir a la Ley Oncopedi\u00e1trica provincial N\u00b0 6.561. La presidente luego de la lectura por secretar\u00eda del proyecto, se puso a consideraci\u00f3n y fue aprobado. Luego de un pedido de reconsideraci\u00f3n para modificar una palabra en el articulado se vot\u00f3 un\u00e1nimemente el siguiente texto como ordenanza.<\/span><\/p>\n<p class=\"MsoNormal\" style=\"text-align: center;\" align=\"center\"><span style=\"font-size: 12.0pt; line-height: 115%; font-family: 'Arial','sans-serif';\">El Honorable Concejo Deliberante<\/span><\/p>\n<p class=\"MsoNormal\" style=\"text-align: center;\" align=\"center\"><span style=\"font-size: 12.0pt; line-height: 115%; font-family: 'Arial','sans-serif';\">de Curuz\u00fa Cuati\u00e1 Sanciona<\/span><\/p>\n<p class=\"MsoNormal\" style=\"text-align: center;\" align=\"center\"><span style=\"font-size: 12.0pt; line-height: 115%; font-family: 'Arial','sans-serif';\">con Fuerza de <\/span><\/p>\n<p class=\"MsoNormal\" style=\"text-align: center;\" align=\"center\"><span style=\"font-size: 12.0pt; line-height: 115%; font-family: 'Arial','sans-serif';\">Ordenanza<\/span><\/p>\n<p class=\"MsoNormal\" style=\"text-align: justify;\"><span style=\"font-size: 12.0pt; line-height: 115%; font-family: 'Arial','sans-serif';\">Art. 1\u00b0: ADHERIR a la Ley Oncopedi\u00e1trica Provincial N\u00b0 6561, aprobada por la Honorable C\u00e1mara de Diputados el d\u00eda 17 de marzo del 2021 y sancionada por la Honorable C\u00e1mara de Senadores el d\u00eda 29 de abril del corriente a\u00f1o.<\/span><\/p>\n<p class=\"MsoNormal\" style=\"text-align: justify;\"><span style=\"font-size: 12.0pt; line-height: 115%; font-family: 'Arial','sans-serif';\">Art. 2\u00b0: ENVIAR copia de la presente Ordenanza a la Honorable Legislatura de la Provincia de Corrientes.<\/span><\/p>\n<p class=\"MsoNormal\" style=\"text-align: justify;\"><span style=\"font-size: 12.0pt; line-height: 115%; font-family: 'Arial','sans-serif';\">Art. 3\u00b0: De Forma.<\/span><\/p>\n<p class=\"MsoNormal\" style=\"text-align: justify;\"><span style=\"font-size: 12.0pt; line-height: 115%; font-family: 'Arial','sans-serif';\">Seguidamente el Expte. N\u00b0 5574\/21 de incorporar como art. 3\u00b0 a la Ordenanza N\u00b0 2.580. El concejal Isusi explic\u00f3 el proyecto que se trata de dar una soluci\u00f3n a los titulares de las viviendas \u00d1ande Casas para que puedan terminar con su tr\u00e1mite de escritura. Luego de un intercambio de opiniones, el concejal Isusi solicit\u00f3 que vuelva a comisi\u00f3n para ser analizado m\u00e1s profundamente, el que fue aprobado.<span style=\"mso-spacerun: yes;\">\u00a0 <\/span><\/span><\/p>\n<p class=\"MsoNormal\" style=\"text-align: justify;\"><span style=\"font-size: 12.0pt; line-height: 115%; font-family: 'Arial','sans-serif';\"><img decoding=\"async\" src=\"images\/070521-sesion-5.JPG\" alt=\"\" \/><\/span><\/p>\n<p class=\"MsoNormal\" style=\"text-align: justify;\"><span style=\"font-size: 12.0pt; line-height: 115%; font-family: 'Arial','sans-serif';\">Continuando con el orden del d\u00eda, se trat\u00f3 el despacho de la comisi\u00f3n de Gobierno y Obras, el Expte. N\u00b0 5570\/21 referido al proyecto de Ordenanza del D.E.M., disponer que el terreno de dominio privado municipal ubicado en la mza. N\u00b0 581, ser\u00e1 afectado y destinado exclusivamente a ser utilizado como acceso a la parcela B. La concejal Muller coment\u00f3 que se trata de subsanar un error con este proyecto, ya que una de las parcelas qued\u00f3 sin acceso a la v\u00eda p\u00fablica y de esta manera esta parcela tendr\u00eda el acceso, por ello solicit\u00f3 el acompa\u00f1amiento de los concejales el que aprobaron un\u00e1nimemente.<\/span><\/p>\n<p class=\"MsoNormal\" style=\"text-align: center;\" align=\"center\"><span style=\"font-size: 12.0pt; line-height: 115%; font-family: 'Arial','sans-serif';\">El Honorable Concejo Deliberante<\/span><\/p>\n<p class=\"MsoNormal\" style=\"text-align: center;\" align=\"center\"><span style=\"font-size: 12.0pt; line-height: 115%; font-family: 'Arial','sans-serif';\">de Curuz\u00fa Cuati\u00e1<\/span><\/p>\n<p class=\"MsoNormal\" style=\"text-align: center;\" align=\"center\"><span style=\"font-size: 12.0pt; line-height: 115%; font-family: 'Arial','sans-serif';\">Sanciona con Fuerza de<\/span><\/p>\n<p class=\"MsoNormal\" style=\"text-align: center;\" align=\"center\"><span style=\"font-size: 12.0pt; line-height: 115%; font-family: 'Arial','sans-serif';\">Ordenanza<\/span><\/p>\n<p class=\"MsoNormal\" style=\"text-align: justify;\"><span style=\"font-size: 12.0pt; line-height: 115%; font-family: 'Arial','sans-serif';\"><span style=\"mso-spacerun: yes;\">\u00a0<\/span>Art. 1\u00ba.-<span style=\"mso-spacerun: yes;\">\u00a0 <\/span>DISPONER que el terreno de dominio privado municipal ubicado en la Manzana N\u00b0 581, identificado como Parcela \u201cC\u201d de la mensura N\u00b0 7.639-L, Partida Inmobiliario<span style=\"mso-spacerun: yes;\">\u00a0 <\/span>E1-8464-1, Calle Martin Fierro, entre 29 de Mayo y Arturo Jauretche, que mide 5 metros de frente al Oeste, 31,85 metros de fondo y contra fondo y 5 metros contra frente al Este; ser\u00e1 afectado y destinado exclusivamente a ser utilizada como acceso a la Parcela \u201cB\u201d del mismo plano de mensura a los fines y efectos de que esta \u00faltima posea comunicaci\u00f3n directa y suficiente con la v\u00eda p\u00fablica.-<\/span><\/p>\n<p class=\"MsoNormal\" style=\"text-align: justify;\"><span style=\"font-size: 12.0pt; line-height: 115%; font-family: 'Arial','sans-serif';\">Art.- 2\u00ba.- ESTABLECER que la presente Ordenanza deber\u00e1 ser entregada junto con la documental respectiva al momento de entregar la posesi\u00f3n de la parcela \u201cB\u201d; del plano de mensura N\u00b0 7639-L; partida inmobiliaria E1-15159-1 que consta de una superficie de 423,4 m\u00b2 al adjudicado por Licitaci\u00f3n P\u00fablica N\u00b0 01\/20.-<\/span><\/p>\n<p class=\"MsoNormal\" style=\"text-align: justify;\"><span style=\"font-size: 12.0pt; line-height: 115%; font-family: 'Arial','sans-serif';\">Art.- 3\u00ba.- De Forma.<\/span><\/p>\n<p class=\"MsoNormal\" style=\"text-align: justify;\"><span style=\"font-size: 12.0pt; line-height: 115%; font-family: 'Arial','sans-serif';\">En cuanto a los despachos de la comisi\u00f3n de obras se trat\u00f3 primero el Expte. N\u00b0 5566\/21 sobre el proyecto de resoluci\u00f3n, solicitar al D.E.M., que a trav\u00e9s del \u00e1rea que corresponda realice los arreglos de todas las calles internas del Barrio \u201cPaso Ancho\u201d. La concejal Ruiz explic\u00f3 que es un pedido de los vecinos<span style=\"mso-spacerun: yes;\">\u00a0 <\/span>y con esta aprobaci\u00f3n se podr\u00e1 incluir en el cronograma de arreglos que viene llevando a cabo el Ejecutivo municipal. Se puso a consideraci\u00f3n y fue aprobado un\u00e1nimemente. <\/span><\/p>\n<p class=\"MsoNormal\" style=\"text-align: center;\" align=\"center\"><span style=\"font-size: 12.0pt; line-height: 115%; font-family: 'Arial','sans-serif';\">El Honorable Concejo Deliberante<\/span><\/p>\n<p class=\"MsoNormal\" style=\"text-align: center;\" align=\"center\"><span style=\"font-size: 12.0pt; line-height: 115%; font-family: 'Arial','sans-serif';\">de Curuz\u00fa Cuati\u00e1<\/span><\/p>\n<p class=\"MsoNormal\" style=\"text-align: center;\" align=\"center\"><span style=\"font-size: 12.0pt; line-height: 115%; font-family: 'Arial','sans-serif';\">Resuelve<\/span><\/p>\n<p class=\"MsoNormal\" style=\"text-align: justify;\"><span style=\"font-size: 12.0pt; line-height: 115%; font-family: 'Arial','sans-serif';\">Art. 1\u00ba.- SOLICITAR al D.E.M. que a trav\u00e9s del \u00e1rea que corresponda<span style=\"mso-spacerun: yes;\">\u00a0\u00a0\u00a0\u00a0\u00a0\u00a0\u00a0\u00a0\u00a0\u00a0\u00a0\u00a0\u00a0\u00a0\u00a0\u00a0\u00a0 <\/span>realice los arreglos de todas las calles internas del Barrio \u201cPaso Ancho\u201d. <\/span><\/p>\n<p class=\"MsoNormal\" style=\"text-align: justify;\"><span style=\"font-size: 12.0pt; line-height: 115%; font-family: 'Arial','sans-serif';\"><span style=\"mso-spacerun: yes;\">\u00a0<\/span>Art.- 2\u00ba.- De Forma.<\/span><\/p>\n<p class=\"MsoNormal\" style=\"text-align: justify;\"><span style=\"font-size: 12.0pt; line-height: 115%; font-family: 'Arial','sans-serif';\"><img decoding=\"async\" src=\"images\/070521-sesion-3.JPG\" alt=\"\" \/><\/span><\/p>\n<p class=\"MsoNormal\" style=\"text-align: justify;\"><span style=\"font-size: 12.0pt; line-height: 115%; font-family: 'Arial','sans-serif';\">El Expte. N\u00b0 5569\/21 sobre el proyecto de Ordenanza, asignar un espacio exclusivo de 6 mts., frente a la entrada principal del Hospital Civil Dr. Fernando Irastorza\u201d, que ser\u00e1 destinado para el ascenso y descenso de pasajeros. La concejal Ruiz explic\u00f3 que en relaci\u00f3n a la pandemia, muchos pacientes tienen inconvenientes al acercarse al hospital al no conseguir lugar para estacionar cerca de la entrada, en d\u00eda de vacunaci\u00f3n de covid est\u00e1 la ayuda de los inspectores de tr\u00e1nsito. En los d\u00edas que solo se atienden por afecciones o consultas a m\u00e9dicos no est\u00e1n, por ello solicita este espacio libre para que puedan estacionar descender e ingresar al hospital. La presidente puso a consideraci\u00f3n y fue aprobada un\u00e1nimemente.<span style=\"mso-spacerun: yes;\">\u00a0 <\/span><\/span><\/p>\n<p class=\"MsoNormal\" style=\"text-align: center;\" align=\"center\"><span style=\"font-size: 12.0pt; line-height: 115%; font-family: 'Arial','sans-serif';\">El Honorable Concejo Deliberante<\/span><\/p>\n<p class=\"MsoNormal\" style=\"text-align: center;\" align=\"center\"><span style=\"font-size: 12.0pt; line-height: 115%; font-family: 'Arial','sans-serif';\">de Curuz\u00fa Cuati\u00e1<\/span><\/p>\n<p class=\"MsoNormal\" style=\"text-align: center;\" align=\"center\"><span style=\"font-size: 12.0pt; line-height: 115%; font-family: 'Arial','sans-serif';\">Sanciona con Fuerza de<\/span><\/p>\n<p class=\"MsoNormal\" style=\"text-align: center;\" align=\"center\"><span style=\"font-size: 12.0pt; line-height: 115%; font-family: 'Arial','sans-serif';\">Ordenanza<\/span><\/p>\n<p class=\"MsoNormal\" style=\"text-align: justify;\"><span style=\"font-size: 12.0pt; line-height: 115%; font-family: 'Arial','sans-serif';\"><span style=\"mso-spacerun: yes;\">\u00a0<\/span>Art. 1\u00ba.- ASIGNAR un espacio de 6 mts.<span style=\"mso-spacerun: yes;\">\u00a0 <\/span>frente a la entrada principal del Hospital \u201cDr. Fernando Irastorza\u201d por calle Ber\u00f3n de Astrada, entre calles Posadas y Rafael Perazzo que ser\u00e1n destinados al ascenso y descenso de pasajeros. Dicho espacio ser\u00e1 delimitado por carteles que indiquen \u201cProhibido Estacionar. Ascenso y descenso de Pasajeros\u201d. <\/span><\/p>\n<p class=\"MsoNormal\" style=\"text-align: justify;\"><span style=\"font-size: 12.0pt; line-height: 115%; font-family: 'Arial','sans-serif';\">Art.- 2\u00ba.- De Forma.<\/span><\/p>\n<p class=\"MsoNormal\" style=\"text-align: justify;\"><span style=\"font-size: 12.0pt; line-height: 115%; font-family: 'Arial','sans-serif';\">El 3er. punto fue el de los proyectos ingresados, Ordenanza del bloque ELI<\/span><\/p>\n<p class=\"MsoNormal\" style=\"text-align: justify;\"><span style=\"font-size: 12.0pt; line-height: 115%; font-family: 'Arial','sans-serif';\">Modificar la Ordenanza N\u00b0 1.533 de<span style=\"mso-spacerun: yes;\">\u00a0 <\/span>1.998, el art. 1\u00b0 punto 28. Pas\u00f3 a comisi\u00f3n de Gobierno.<\/span><\/p>\n<p class=\"MsoNormal\" style=\"text-align: justify;\"><span style=\"font-size: 12.0pt; line-height: 115%; font-family: 'Arial','sans-serif';\">El 4\u00b0 punto fue referido a comunicaciones oficiales, primeramente del DEM, el Bolet\u00edn Oficial Municipal N\u00b0 3.356.<\/span><\/p>\n<p class=\"MsoNormal\" style=\"text-align: justify;\"><span style=\"font-size: 12.0pt; line-height: 115%; font-family: 'Arial','sans-serif';\">Del Juez Municipal de Falta, el informe de caja y planillas de infractores del mes de abril 2.021.<\/span><\/p>\n<p class=\"MsoNormal\" style=\"text-align: justify;\"><span style=\"font-size: 12.0pt; line-height: 115%; font-family: 'Arial','sans-serif';\">De La Secretaria De Econom\u00eda y Finanzas remitiendo documentaci\u00f3n correspondiente al 1\u00b0 trimestre 2.021.<\/span><\/p>\n<p class=\"MsoNormal\" style=\"text-align: justify;\"><span style=\"font-size: 12.0pt; line-height: 115%; font-family: 'Arial','sans-serif';\"><img loading=\"lazy\" decoding=\"async\" src=\"images\/070521-sesion-1.JPG\" alt=\"\" width=\"967\" height=\"616\" \/><\/span><\/p>\n<p class=\"MsoNormal\" style=\"text-align: justify;\"><span style=\"font-size: 12.0pt; line-height: 115%; font-family: 'Arial','sans-serif';\">El 5\u00b0 punto tratado fue el de resoluciones del DEM:<\/span><\/p>\n<p class=\"MsoNormal\" style=\"text-align: justify;\"><span style=\"font-size: 12.0pt; line-height: 115%; font-family: 'Arial','sans-serif';\">N\u00b0 172: Otorgar una ayuda econ\u00f3mica a la Sra. Lidia Irene Medina, D.N.I N\u00b0 13.349.538.-<\/span><\/p>\n<p class=\"MsoNormal\" style=\"text-align: justify;\"><span style=\"font-size: 12.0pt; line-height: 115%; font-family: 'Arial','sans-serif';\">N\u00b0 173: Otorgar una ayuda econ\u00f3mica al Sr. Paulino Alfonzo, D.N.I N\u00b0 4.996.838.-<\/span><\/p>\n<p class=\"MsoNormal\" style=\"text-align: justify;\"><span style=\"font-size: 12.0pt; line-height: 115%; font-family: 'Arial','sans-serif';\">N\u00b0 174: Otorgar una ayuda econ\u00f3mica a la Sra. Camila Griselda Fleita, D.N.I N\u00b0 44.542.406.-<\/span><\/p>\n<p class=\"MsoNormal\" style=\"text-align: justify;\"><span style=\"font-size: 12.0pt; line-height: 115%; font-family: 'Arial','sans-serif';\">N\u00b0 175: Otorgar una ayuda econ\u00f3mica a la Sra. Marisa Ang\u00e9lica Mellone, D.N.I N\u00b0 31.472.694.-<\/span><\/p>\n<p class=\"MsoNormal\" style=\"text-align: justify;\"><span style=\"font-size: 12.0pt; line-height: 115%; font-family: 'Arial','sans-serif';\">N\u00b0 176: Otorgar una ayuda econ\u00f3mica al Sr. Julio Alejandro Mart\u00ednez, D.N.I N\u00b0 38.308.873.-<\/span><\/p>\n<p class=\"MsoNormal\" style=\"text-align: justify;\"><span style=\"font-size: 12.0pt; line-height: 115%; font-family: 'Arial','sans-serif';\">N\u00b0 177: Otorgar una ayuda econ\u00f3mica a la Sra. Hilda Beatriz Mart\u00ednez, D.N.I N\u00b0 13.349.404.-<\/span><\/p>\n<p class=\"MsoNormal\" style=\"text-align: justify;\"><span style=\"font-size: 12.0pt; line-height: 115%; font-family: 'Arial','sans-serif';\">N\u00b0 178: Convocar a licitaci\u00f3n privada N\u00b0 01\/2021, con el objeto de adquirir materiales de construcci\u00f3n.-<\/span><\/p>\n<p class=\"MsoNormal\" style=\"text-align: justify;\"><span style=\"font-size: 12.0pt; line-height: 115%; font-family: 'Arial','sans-serif';\">N\u00b0 179: Convocar a licitaci\u00f3n privada N\u00b0 02\/2021, con el objeto de realizar obras de construcci\u00f3n de cord\u00f3n cunetas y badenes.-<\/span><\/p>\n<p class=\"MsoNormal\" style=\"text-align: justify;\"><span style=\"font-size: 12.0pt; line-height: 115%; font-family: 'Arial','sans-serif';\">N\u00b0 180: Modificar el art. 1 de la resoluci\u00f3n N\u00b0 073 del D.E.M, fechada el 11 de marzo del 2.021.-<\/span><\/p>\n<p class=\"MsoNormal\" style=\"text-align: justify;\"><span style=\"font-size: 12.0pt; line-height: 115%; font-family: 'Arial','sans-serif';\">N\u00b0 181: Otorgar ayuda econ\u00f3mica a la Sra. Mar\u00eda Natalia Romero, D.N.I N\u00b0 28.284.515.-<\/span><\/p>\n<p class=\"MsoNormal\" style=\"text-align: justify;\"><span style=\"font-size: 12.0pt; line-height: 115%; font-family: 'Arial','sans-serif';\">No habiendo mas temas que tratar la presidente dio por finalizada la sesi\u00f3n del d\u00eda de la fecha.<\/span><\/p>\n","protected":false},"excerpt":{"rendered":"<p class=\"MsoNormal\" style=\"text-align: justify;\"><span style=\"font-size: 12.0pt; line-height: 115%; font-family: 'Arial','sans-serif';\"><img decoding=\"async\" src=\"images\/070521-sesion-2.JPG\" alt=\"\" \/><\/span><\/p>\n<p class=\"MsoNormal\" style=\"text-align: justify;\"><span style=\"font-size: 12.0pt; line-height: 115%; font-family: 'Arial','sans-serif';\">Pasadas las 20hs. del viernes 7 de mayo del corriente, la presidente del cuerpo la Sra. Mariel Naya Yrigoyen y el secretario Dr. Fernando Dom\u00ednguez, con la totalidad de los concejales presentes, dieron inicio a la sesi\u00f3n del d\u00eda de la fecha.<\/span><\/p>\n","protected":false},"author":1,"featured_media":1150,"comment_status":"open","ping_status":"open","sticky":false,"template":"","format":"standard","meta":{"footnotes":""},"categories":[3],"tags":[],"class_list":["post-1151","post","type-post","status-publish","format-standard","has-post-thumbnail","hentry","category-uncategorised"],"brizy_media":[],"_links":{"self":[{"href":"https:\/\/concejocuruzucuatia.gob.ar\/wp\/wp-json\/wp\/v2\/posts\/1151","targetHints":{"allow":["GET"]}}],"collection":[{"href":"https:\/\/concejocuruzucuatia.gob.ar\/wp\/wp-json\/wp\/v2\/posts"}],"about":[{"href":"https:\/\/concejocuruzucuatia.gob.ar\/wp\/wp-json\/wp\/v2\/types\/post"}],"author":[{"embeddable":true,"href":"https:\/\/concejocuruzucuatia.gob.ar\/wp\/wp-json\/wp\/v2\/users\/1"}],"replies":[{"embeddable":true,"href":"https:\/\/concejocuruzucuatia.gob.ar\/wp\/wp-json\/wp\/v2\/comments?post=1151"}],"version-history":[{"count":0,"href":"https:\/\/concejocuruzucuatia.gob.ar\/wp\/wp-json\/wp\/v2\/posts\/1151\/revisions"}],"wp:featuredmedia":[{"embeddable":true,"href":"https:\/\/concejocuruzucuatia.gob.ar\/wp\/wp-json\/wp\/v2\/media\/1150"}],"wp:attachment":[{"href":"https:\/\/concejocuruzucuatia.gob.ar\/wp\/wp-json\/wp\/v2\/media?parent=1151"}],"wp:term":[{"taxonomy":"category","embeddable":true,"href":"https:\/\/concejocuruzucuatia.gob.ar\/wp\/wp-json\/wp\/v2\/categories?post=1151"},{"taxonomy":"post_tag","embeddable":true,"href":"https:\/\/concejocuruzucuatia.gob.ar\/wp\/wp-json\/wp\/v2\/tags?post=1151"}],"curies":[{"name":"wp","href":"https:\/\/api.w.org\/{rel}","templated":true}]}}