{"id":1075,"date":"2020-11-26T18:03:00","date_gmt":"2020-11-26T18:03:00","guid":{"rendered":"https:\/\/concejocuruzucuatia.gob.ar\/wp\/2020\/11\/26\/informe-de-prensa-hcd-sesion-26-de-noviembre-de-2020\/"},"modified":"2020-11-26T18:03:00","modified_gmt":"2020-11-26T18:03:00","slug":"informe-de-prensa-hcd-sesion-26-de-noviembre-de-2020","status":"publish","type":"post","link":"https:\/\/concejocuruzucuatia.gob.ar\/wp\/2020\/11\/26\/informe-de-prensa-hcd-sesion-26-de-noviembre-de-2020\/","title":{"rendered":"Informe de Prensa HCD \/ Sesi\u00f3n 26 de noviembre de 2020"},"content":{"rendered":"<p class=\"MsoNormal\" style=\"text-align: justify;\"><img decoding=\"async\" src=\"images\/261120-sesion-1.jpeg\" alt=\"\" \/><\/p>\n<p class=\"MsoNormal\" style=\"text-align: justify;\"><span style=\"font-size: 12.0pt; line-height: 115%; font-family: 'Arial','sans-serif';\">A las 9.30hs. del jueves 26 de noviembre, el presidente del cuerpo Sr. Marcos Isusi y la secretaria Dra. Priscila Fonseca, con la totalidad de los concejales presentes, se dio inicio a la audiencia p\u00fablica prevista para la fecha en relaci\u00f3n a la donaci\u00f3n al Club Social Y Deportivo Patita- Asociaci\u00f3n Civil, el Inmueble de propiedad municipal. Estuvieron presentes en representaci\u00f3n del club, su presidente el Sr. Jorge Arce e integrantes de la comisi\u00f3n directiva.<\/span><\/p>\n<p class=\"MsoNormal\" style=\"text-align: justify;\"><span style=\"font-size: 12.0pt; line-height: 115%; font-family: 'Arial','sans-serif';\">Primeramente tom\u00f3 la palabra el concejal Santini, autor del proyecto, y expres\u00f3 \u201cel esfuerzo y la trayectoria de este grupo de vecinos que vienen realizando actividades sociales, recreativas con un pu\u00f1ado de ni\u00f1os y adolescentes de este sector de los barrios de INVICO, que es necesario que tenga un espacio propio para desarrollar estas actividades, concentrar todo en ese espacio que hace ya un tiempo vienen ocupando y que venimos a darle un marco definitivo al uso del terreno, para que la comisi\u00f3n los vecinos puedan en colaborar en levantar la instituci\u00f3n en nuestra ciudad. Todos vamos a colaborar para que Patita tenga su sede, su cancha y que puedan seguir desarrollando de la mejor manera las actividades que hacen. Hoy culminamos un tiempo de espera que se hizo largo, pero todo tiene su fruto gracias el esfuerzo de todos Uds.\u201d.<\/span><\/p>\n<p class=\"MsoNormal\" style=\"text-align: justify;\"><span style=\"font-size: 12.0pt; line-height: 115%; font-family: 'Arial','sans-serif';\">El concejal Rubin trajo a recuerdo a la persona de \u201cPatita\u201d Arce, \u201cque esta donaci\u00f3n viene a ser un homenaje a \u00e9l. Tambi\u00e9n recordarlo por su pasi\u00f3n sus ganas, su entrega de siempre para sus chicos y su canchita\u201d.<\/span><\/p>\n<p class=\"MsoNormal\" style=\"text-align: justify;\"><span style=\"font-size: 12.0pt; line-height: 115%; font-family: 'Arial','sans-serif';\">Seguidamente se expres\u00f3 el presidente del Club Patita, Jorge Arce, \u201cSimplemente gracias a cada uno de Uds., por plantear esa idea de donar un terreno para el club, hablo como presidente, m\u00e1s que presidente en representaci\u00f3n de un grupo de amigos que venimos trabajando hace unos a\u00f1os en hacer felices a los chicos. A nosotros el deporte nos ayud\u00f3 mucho hizo nuestra infancia felices y nos trajo frente a Uds. Al concretarse esta donaci\u00f3n, quiero agradecerles porque van a estar haciendo felices a muchos chicos y familias y principalmente a este grupo de amigos que viene trabajando hace a\u00f1os para hacer felices a los chicos y nosotros tenemos un gu\u00eda en el cielo que no hizo felices\u201d. <\/span><\/p>\n<p class=\"MsoNormal\" style=\"text-align: justify;\"><span style=\"font-size: 12.0pt; line-height: 115%; font-family: 'Arial','sans-serif';\">Tambi\u00e9n se expres\u00f3 Facundo Perez integrante del comisi\u00f3n del club que coment\u00f3 que vienen luchando hace m\u00e1s de cinco a\u00f1os y siempre estuvo el proyecto de tener la cancha propia y hoy llega el d\u00eda. \u201cVa a ser muy \u00fatil para los chicos, un ni\u00f1o en un club es un ni\u00f1o menos en la calle. Gracias por esta oportunidad y va a ser un lugar de contenci\u00f3n\u201d.<\/span><\/p>\n<p class=\"MsoNormal\" style=\"text-align: justify;\"><span style=\"font-size: 12.0pt; line-height: 115%; font-family: 'Arial','sans-serif';\">Los concejales Farinon y Quiroz expresaron su benepl\u00e1cito por esta donaci\u00f3n y el presidente cerr\u00f3 la audiencia p\u00fablica expresando, \u201cQuiero dar mis felicitaciones a estos chicos, nuestro legendario Patita no est\u00e1, pero alguien tom\u00f3 la posta y formar un equipo de chicos y participar. Si hay muchos Patitas en Curuz\u00fa seguramente vamos a tener muchos chicos felices y la contenci\u00f3n que les da el deporte a los chicos es incomparable.<span style=\"mso-spacerun: yes;\">\u00a0 <\/span>Quedo a disposici\u00f3n hoy y siempre, en el lugar que este. Mis felicitaciones y adelante\u201d.<\/span><\/p>\n<p class=\"MsoNormal\" style=\"text-align: justify;\"><span style=\"font-size: 12.0pt; line-height: 115%; font-family: 'Arial','sans-serif';\">\u00a0<img decoding=\"async\" src=\"images\/261120-sesion-3.jpeg\" alt=\"\" \/><\/span><\/p>\n<p class=\"MsoNormal\" style=\"text-align: justify;\"><span style=\"font-size: 12.0pt; line-height: 115%; font-family: 'Arial','sans-serif';\">Luego del homenaje al artista pl\u00e1stico Luis Hugo Molina, se dio inicio a la sesi\u00f3n del d\u00eda de la fecha. Primeramente el concejal Santini haciendo uso del art\u00edculo 132 del reglamento interno donde solicit\u00f3 un minuto de silencio por el fallecimiento del Deportista reconocido Internacionalmente Diego Armando Maradona quien dej\u00f3 de existir el d\u00eda 25 de noviembre pasado. Posteriormente el presidente Marcos Isusi dio a conocer su pensamiento en relaci\u00f3n de la persona de Maradona y sus logros. <\/span><\/p>\n<p class=\"MsoNormal\" style=\"text-align: justify;\"><span style=\"font-size: 12.0pt; line-height: 115%; font-family: 'Arial','sans-serif';\">Luego el presidente someti\u00f3 a votaci\u00f3n el orden del d\u00eda el que fue aprobado un\u00e1nimemente. <\/span><\/p>\n<p class=\"MsoNormal\" style=\"text-align: justify;\"><span style=\"font-size: 12.0pt; line-height: 115%; font-family: 'Arial','sans-serif';\">A continuaci\u00f3n se trat\u00f3 el primer punto referido a la lectura y consideraci\u00f3n del acta N\u00ba 1560, la que fue aprobada.<\/span><\/p>\n<p class=\"MsoNormal\" style=\"text-align: justify;\"><span style=\"font-size: 12.0pt; line-height: 115%; font-family: 'Arial','sans-serif';\">El 2\u00b0 punto fue el tratamiento en Segunda Lectura de la Ordenanza de Donar al Club Social Y Deportivo Patita- Asociaci\u00f3n Civil, el Inmueble de propiedad municipal. El concejal Santini luego de lo expresado en la audiencia p\u00fablica solicit\u00f3 el acompa\u00f1amiento de los concejales para la aprobaci\u00f3n de esta donaci\u00f3n, la que fue aprobada un\u00e1nimemente.<\/span><\/p>\n<p class=\"MsoNormal\" style=\"text-align: justify;\"><span style=\"font-size: 12.0pt; line-height: 115%; font-family: 'Arial','sans-serif';\">\u00a0<\/span><\/p>\n<p class=\"MsoNormal\" style=\"text-align: center;\" align=\"center\"><span style=\"font-size: 12.0pt; line-height: 115%; font-family: 'Arial','sans-serif';\">EL HONORABLE CONCEJO DELIBERANTE<\/span><\/p>\n<p class=\"MsoNormal\" style=\"text-align: center;\" align=\"center\"><span style=\"font-size: 12.0pt; line-height: 115%; font-family: 'Arial','sans-serif';\">DE CURUZ\u00da CUATI\u00c1<\/span><\/p>\n<p class=\"MsoNormal\" style=\"text-align: center;\" align=\"center\"><span style=\"font-size: 12.0pt; line-height: 115%; font-family: 'Arial','sans-serif';\">SANCIONA CON FUERZA DE ORDENANZA<\/span><\/p>\n<p class=\"MsoNormal\" style=\"text-align: justify;\"><span style=\"font-size: 12.0pt; line-height: 115%; font-family: 'Arial','sans-serif';\"><span style=\"mso-spacerun: yes;\">\u00a0<\/span><\/span><\/p>\n<p class=\"MsoNormal\" style=\"text-align: justify;\"><span style=\"font-size: 12.0pt; line-height: 115%; font-family: 'Arial','sans-serif';\">ART 1\u00b0- Donar al Club Social Y Deportivo Patita- Asociaci\u00f3n Civil, el Inmueble de propiedad municipal ubicado en la intersecci\u00f3n de las calles Presidente Per\u00f3n ( Ex Ruta 14), R\u00edo Aguapey y prolongaci\u00f3n de M\u00f3nica In\u00e9s Ganancias, que se detalla en croquis anexo de la presente como \u201cParcela 1\u201d, que forma parte de la Fracci\u00f3n \u201cII\u201d de la mensura N\u00b0 4236-L,Partida Inmobiliaria E1- 10524-1, Inscripto en el registro de la Propiedad Inmueble de la Provincia de Corrientes, Folio real Matricula N\u00b0 7979, a\u00f1o 2004.<\/span><\/p>\n<p class=\"MsoNormal\" style=\"text-align: justify;\"><span style=\"font-size: 12.0pt; line-height: 115%; font-family: 'Arial','sans-serif';\">Art 2\u00b0- La Donaci\u00f3n se realiza con cargo que el Club Social y deportivo Patita utilice el predio solamente con fines deportivos, recreativos y Culturales.<\/span><\/p>\n<p class=\"MsoNormal\" style=\"text-align: justify;\"><span style=\"font-size: 12.0pt; line-height: 115%; font-family: 'Arial','sans-serif';\">Art 3\u00b0- Los gastos y Honorarios de Mensura. Transferencia y escrituraci\u00f3n quedar\u00e1n por cuenta del Club Social y deportivo Patita.<\/span><\/p>\n<p class=\"MsoNormal\" style=\"text-align: justify;\"><span style=\"font-size: 12.0pt; line-height: 115%; font-family: 'Arial','sans-serif';\">Art 4\u00b0- Club Social y deportivo Patita ceder\u00e1 el uso de las instalaciones a la Municipalidad cuando \u00e9sta organice eventos de car\u00e1cter deportivo, social o cultural.<\/span><\/p>\n<p class=\"MsoNormal\" style=\"text-align: justify;\"><span style=\"font-size: 12.0pt; line-height: 115%; font-family: 'Arial','sans-serif';\">Art 5\u00b0- De Forma.<\/span><\/p>\n<p class=\"MsoNormal\" style=\"text-align: justify;\"><span style=\"font-size: 12.0pt; line-height: 115%; font-family: 'Arial','sans-serif';\">\u00a0<\/span><\/p>\n<p class=\"MsoNormal\" style=\"text-align: justify;\"><span style=\"font-size: 12.0pt; line-height: 115%; font-family: 'Arial','sans-serif';\">El 3er. punto tratado fue el de los despachos de la comisi\u00f3n de Gobierno, primero el Expte. N\u00b0 5495\/2020 referido a la nota de la Secretar\u00eda de Gobierno y Coordinaci\u00f3n General. Adjuntado expediente Administrativo N\u00b0<span style=\"mso-spacerun: yes;\">\u00a0 <\/span>2637, promovido por el Club General San Martin, solicitando donaci\u00f3n de un terreno municipal. El concejal Santini coment\u00f3 sobre la devoluci\u00f3n al Ejecutivo de este proyecto, ya que le falta cumplimentar documentaci\u00f3n. Fue sometido a votaci\u00f3n y aprobado un\u00e1nimemente.<span style=\"mso-spacerun: yes;\">\u00a0 <\/span><\/span><\/p>\n<p class=\"MsoNormal\" style=\"text-align: justify;\"><span style=\"font-size: 12.0pt; line-height: 115%; font-family: 'Arial','sans-serif';\">\u00a0<img decoding=\"async\" src=\"images\/261120-sesion-6.jpeg\" alt=\"\" \/><\/span><\/p>\n<p class=\"MsoNormal\" style=\"text-align: justify;\"><span style=\"font-size: 12.0pt; line-height: 115%; font-family: 'Arial','sans-serif';\">Luego el Expte. N\u00b0 5509\/2020 sobre el proyecto de Ordenanza del Bloque UCR, de adherir a la Ley Nacional N\u00b0 25.855 \u201cVoluntariado Social\u201d y sus Decretos Reglamentarios. El concejal Santini expres\u00f3 que se tiene como objetivo mitigar el impacto nocivo de los ciudadanos, fortalecer las pol\u00edticas Ambientales relacionadas con la prevenci\u00f3n del da\u00f1o ambiental y el control de la contaminaci\u00f3n, para beneficio de las generaciones presentes y futuras, disminuyendo el impacto negativo del ser humano sobre el medio ambiente de la ciudad. En el caso del programa Vial, aplicar las pol\u00edticas de educaci\u00f3n vial y prevenci\u00f3n de accidentes, fomentar la aplicaci\u00f3n de la concientizaci\u00f3n Vial y la prevenci\u00f3n de accidentes de tr\u00e1nsito, difundiendo las disposiciones de la Ley de Tr\u00e1nsito Nacional y ordenanzas locales. El presidente puso a consideraci\u00f3n y se aprob\u00f3 de manera un\u00e1nime.<\/span><\/p>\n<p class=\"MsoNormal\" style=\"text-align: justify;\"><span style=\"font-size: 12.0pt; line-height: 115%; font-family: 'Arial','sans-serif';\">\u00a0<\/span><\/p>\n<p class=\"MsoNormal\" style=\"text-align: center;\" align=\"center\"><span style=\"font-size: 12.0pt; line-height: 115%; font-family: 'Arial','sans-serif';\">EL HONORABLE CONCEJO DELIBERANTE<\/span><\/p>\n<p class=\"MsoNormal\" style=\"text-align: center;\" align=\"center\"><span style=\"font-size: 12.0pt; line-height: 115%; font-family: 'Arial','sans-serif';\">DE CURUZ\u00da CUATI\u00c1<\/span><\/p>\n<p class=\"MsoNormal\" style=\"text-align: center;\" align=\"center\"><span style=\"font-size: 12.0pt; line-height: 115%; font-family: 'Arial','sans-serif';\">SANCIONA CON FUERZA DE ORDENANZA<\/span><\/p>\n<p class=\"MsoNormal\" style=\"text-align: justify;\"><span style=\"font-size: 12.0pt; line-height: 115%; font-family: 'Arial','sans-serif';\">\u00a0<\/span><\/p>\n<p class=\"MsoNormal\" style=\"text-align: justify;\"><span style=\"font-size: 12.0pt; line-height: 115%; font-family: 'Arial','sans-serif';\">Art 1\u00b0- Adherir a la Ley Nacional N\u00b0 25.855 \u201cVoluntariado Social\u201d y sus decretos reglamentarios.<\/span><\/p>\n<p class=\"MsoNormal\" style=\"text-align: justify;\"><span style=\"font-size: 12.0pt; line-height: 115%; font-family: 'Arial','sans-serif';\">Art 2\u00b0- Crear en el \u00e1mbito de la Municipalidad de la Ciudad de Curuz\u00fa Cuati\u00e1 el \u201cPrograma de Voluntariado Ambiental y el Programa de Voluntariado en Seguridad Vial\u201d. El primero funcionar\u00e1 bajo la supervisi\u00f3n de la direcci\u00f3n de Saneamiento Ambiental y el segundo, bajo la supervisi\u00f3n de la Direcci\u00f3n de Tr\u00e1nsito y Seguridad Vial.<\/span><\/p>\n<p class=\"MsoNormal\" style=\"text-align: justify;\"><span style=\"font-size: 12.0pt; line-height: 115%; font-family: 'Arial','sans-serif';\">Art 3\u00b0- El Programa de Voluntariado Ambiental tendr\u00e1 como objetivos principales: mitigar el impacto nocivo de los ciudadanos, fortalecer las pol\u00edticas Ambientales relacionadas con la prevenci\u00f3n del da\u00f1o ambiental y el control de la contaminaci\u00f3n, para beneficio de la generaciones presentes y futuras, disminuyendo el impacto negativo del ser humano sobre el medio ambiente de la ciudad. En el caso del programa de Voluntariado Vial tendr\u00e1 como objetivos, aplicar las pol\u00edticas de educaci\u00f3n vial y prevenci\u00f3n de accidentes, fomentar la aplicaci\u00f3n de la concientizaci\u00f3n Vial y la prevenci\u00f3n de accidentes de tr\u00e1nsito, difundir las disposiciones de la Ley de Tr\u00e1nsito Nacional y ordenanzas locales.<\/span><\/p>\n<p class=\"MsoNormal\" style=\"text-align: justify;\"><span style=\"font-size: 12.0pt; line-height: 115%; font-family: 'Arial','sans-serif';\">Art 4\u00b0- A) Los objetivos particulares del programa del voluntariado ambiental ser\u00e1n:<\/span><\/p>\n<p class=\"MsoNormal\" style=\"text-align: justify;\"><span style=\"font-size: 12.0pt; line-height: 115%; font-family: 'Arial','sans-serif';\">a) Fomentar la separaci\u00f3n en origen de los residuos.<\/span><\/p>\n<p class=\"MsoNormal\" style=\"text-align: justify;\"><span style=\"font-size: 12.0pt; line-height: 115%; font-family: 'Arial','sans-serif';\">b) Fomentar la generaci\u00f3n de espacios d\u00f3nde los voluntarios puedan desarrollar un rol protag\u00f3nico en la prevenci\u00f3n de los da\u00f1os al ambiente y el control de la contaminaci\u00f3n ambiental.<\/span><\/p>\n<p class=\"MsoNormal\" style=\"text-align: justify;\"><span style=\"font-size: 12.0pt; line-height: 115%; font-family: 'Arial','sans-serif';\">c) Sensibilizar sobre la potencialidad de la a acci\u00f3n ciudadana comprometida.<\/span><\/p>\n<p class=\"MsoNormal\" style=\"text-align: justify;\"><span style=\"font-size: 12.0pt; line-height: 115%; font-family: 'Arial','sans-serif';\">d) Facilitar el intercambio y la socializaci\u00f3n de experiencias a trav\u00e9s del desarrollo de redes entre voluntarios y proyectos, articulando con organizaciones de la sociedad civil.<\/span><\/p>\n<p class=\"MsoNormal\" style=\"text-align: justify;\"><span style=\"font-size: 12.0pt; line-height: 115%; font-family: 'Arial','sans-serif';\">e) Capacitar sobre los distintos mecanismos actuales de cuidado ambiental y los materiales que pueden reutilizarse, a fin de concientizar el consumo responsable;<\/span><\/p>\n<p class=\"MsoNormal\" style=\"text-align: justify;\"><span style=\"font-size: 12.0pt; line-height: 115%; font-family: 'Arial','sans-serif';\">_ Ser\u00e1n ejes de acci\u00f3n principales:<\/span><\/p>\n<p class=\"MsoNormal\" style=\"text-align: justify;\"><span style=\"font-size: 12.0pt; line-height: 115%; font-family: 'Arial','sans-serif';\">. La limpieza de espacios p\u00fablicos y eventos p\u00fablicos masivos;<\/span><\/p>\n<p class=\"MsoNormal\" style=\"text-align: justify;\"><span style=\"font-size: 12.0pt; line-height: 115%; font-family: 'Arial','sans-serif';\">. La educaci\u00f3n ambiental, esto es, formaci\u00f3n y capacitaci\u00f3n de voluntarios ambientales;<\/span><\/p>\n<p class=\"MsoNormal\" style=\"text-align: justify;\"><span style=\"font-size: 12.0pt; line-height: 115%; font-family: 'Arial','sans-serif';\">. La promoci\u00f3n de proyectos ambientales,<\/span><\/p>\n<p class=\"MsoNormal\" style=\"text-align: justify;\"><span style=\"font-size: 12.0pt; line-height: 115%; font-family: 'Arial','sans-serif';\">. La articulaci\u00f3n entre los diferentes actores para la conformaci\u00f3n de una red de voluntarios ambientales,<\/span><\/p>\n<p class=\"MsoNormal\" style=\"text-align: justify;\"><span style=\"font-size: 12.0pt; line-height: 115%; font-family: 'Arial','sans-serif';\">. Campa\u00f1as de difusi\u00f3n y comunicaci\u00f3n de las acciones enmarcadas dentro del programa, para crear consciencia y generar visibilidad, mediante la carteler\u00eda necesaria para brindar informaci\u00f3n y el uso de redes sociales.<\/span><\/p>\n<p class=\"MsoNormal\" style=\"text-align: justify;\"><span style=\"font-size: 12.0pt; line-height: 115%; font-family: 'Arial','sans-serif';\">. La organizaci\u00f3n de Expo Ferias d\u00f3nde se brindar\u00e1 informaci\u00f3n relevante sobre la tem\u00e1tica a fin de formar ciudadanos comprometidos con la ciudad.<\/span><\/p>\n<p class=\"MsoNormal\" style=\"text-align: justify;\"><span style=\"font-size: 12.0pt; line-height: 115%; font-family: 'Arial','sans-serif';\">B) Los objetivos particulares del programa del voluntariado vial ser\u00e1n:<\/span><\/p>\n<p class=\"MsoNormal\" style=\"text-align: justify;\"><span style=\"font-size: 12.0pt; line-height: 115%; font-family: 'Arial','sans-serif';\">a) Articular programas de prevenci\u00f3n de accidentes viales<\/span><\/p>\n<p class=\"MsoNormal\" style=\"text-align: justify;\"><span style=\"font-size: 12.0pt; line-height: 115%; font-family: 'Arial','sans-serif';\">b) Fomentar y difundir el uso obligatorio del casco para motocicletas<\/span><\/p>\n<p class=\"MsoNormal\" style=\"text-align: justify;\"><span style=\"font-size: 12.0pt; line-height: 115%; font-family: 'Arial','sans-serif';\">c) Sensibilizar a los ciudadanos de la importancia del respeto al peat\u00f3n en la v\u00eda p\u00fablica<\/span><\/p>\n<p class=\"MsoNormal\" style=\"text-align: justify;\"><span style=\"font-size: 12.0pt; line-height: 115%; font-family: 'Arial','sans-serif';\">d) Hacer conocer las disposiciones viales emanadas de Ordenanzas en vigencia en la ciudad<\/span><\/p>\n<p class=\"MsoNormal\" style=\"text-align: justify;\"><span style=\"font-size: 12.0pt; line-height: 115%; font-family: 'Arial','sans-serif';\">&#8211; Ser\u00e1n ejes de acci\u00f3n principales:<\/span><\/p>\n<p class=\"MsoNormal\" style=\"text-align: justify;\"><span style=\"font-size: 12.0pt; line-height: 115%; font-family: 'Arial','sans-serif';\">&#8211; Efectivizar campa\u00f1as de prevenci\u00f3n de accidentes viales en eventos p\u00fablicos masivos<\/span><\/p>\n<p class=\"MsoNormal\" style=\"text-align: justify;\"><span style=\"font-size: 12.0pt; line-height: 115%; font-family: 'Arial','sans-serif';\">&#8211; Promover talleres comunitarios sobre educaci\u00f3n vial<\/span><\/p>\n<p class=\"MsoNormal\" style=\"text-align: justify;\"><span style=\"font-size: 12.0pt; line-height: 115%; font-family: 'Arial','sans-serif';\">&#8211; Propiciar charlas en instituciones educativas de todos los niveles sobre temas de importancia vial<\/span><\/p>\n<p class=\"MsoNormal\" style=\"text-align: justify;\"><span style=\"font-size: 12.0pt; line-height: 115%; font-family: 'Arial','sans-serif';\">&#8211; Organizar campa\u00f1as en medios masivos de comunicaciones sobre prevenci\u00f3n y educaci\u00f3n vial<\/span><\/p>\n<p class=\"MsoNormal\" style=\"text-align: justify;\"><span style=\"font-size: 12.0pt; line-height: 115%; font-family: 'Arial','sans-serif';\">&#8211; Capacitar y acompa\u00f1ar al personal de la Direcci\u00f3n de Tr\u00e1nsito Municipal y<span style=\"mso-spacerun: yes;\">\u00a0 <\/span>prestadores de servicio de estacionamiento medido en forma continua.<\/span><\/p>\n<p class=\"MsoNormal\" style=\"text-align: justify;\"><span style=\"font-size: 12.0pt; line-height: 115%; font-family: 'Arial','sans-serif';\">Art 5\u00b0- El DEM podr\u00e1 firmar convenios con distintas instituciones de car\u00e1cter p\u00fablico o privado, a los fines de promover la educaci\u00f3n ambiental y vial.<\/span><\/p>\n<p class=\"MsoNormal\" style=\"text-align: justify;\"><span style=\"font-size: 12.0pt; line-height: 115%; font-family: 'Arial','sans-serif';\">Art 6\u00b0- De Forma.<\/span><\/p>\n<p class=\"MsoNormal\" style=\"text-align: justify;\"><span style=\"font-size: 12.0pt; line-height: 115%; font-family: 'Arial','sans-serif';\">\u00a0<img decoding=\"async\" src=\"images\/261120-sesion-4.jpeg\" alt=\"\" \/><\/span><\/p>\n<p class=\"MsoNormal\" style=\"text-align: justify;\"><span style=\"font-size: 12.0pt; line-height: 115%; font-family: 'Arial','sans-serif';\">Luego el Expte. N\u00b0 5510\/2020 en relaci\u00f3n al Proyecto de Ordenanza de los bloques: UCR, PRO, Uni\u00f3n popular, Proyecto Corrientes, Acci\u00f3n por Corrientes y ELI. Designar con el nombre de \u201c2 de Abril\u201d al espacio verde p\u00fablico ubicado al Norte con calle Chiclana, al Este calle Tarrago Ros, al Oeste (sitio Hist\u00f3rico de la Calera) y al Sur con calle Celestino L\u00f3pez del B\u00b0<span style=\"mso-spacerun: yes;\">\u00a0 <\/span>La Calera. Este espacio es cuidado por los vecinos del barrio la Calera y con este proyecto se quiere lograr la designaci\u00f3n formal del nombre de la plaza, dijo Santini. Luego el presidente puso a votaci\u00f3n el despacho el que se aprob\u00f3 un\u00e1nimemente en primera lectura, fijando audiencia p\u00fablica para el d\u00eda10 de diciembre de 2020 a las 9.30hs. en el recinto de sesiones posterior tratamiento en segunda lectura en la sesi\u00f3n de ese d\u00eda. <\/span><\/p>\n<p class=\"MsoNormal\" style=\"text-align: center;\" align=\"center\"><span style=\"font-size: 12.0pt; line-height: 115%; font-family: 'Arial','sans-serif';\">ORDENANZA APROBADA EN PRIMERA LECTURA<\/span><\/p>\n<p class=\"MsoNormal\" style=\"text-align: center;\" align=\"center\"><span style=\"font-size: 12.0pt; line-height: 115%; font-family: 'Arial','sans-serif';\">EL HONORABLE CONCEJO DELIBERANTE<\/span><\/p>\n<p class=\"MsoNormal\" style=\"text-align: center;\" align=\"center\"><span style=\"font-size: 12.0pt; line-height: 115%; font-family: 'Arial','sans-serif';\">DE CURUZ\u00da CUATI\u00c1<\/span><\/p>\n<p class=\"MsoNormal\" style=\"text-align: center;\" align=\"center\"><span style=\"font-size: 12.0pt; line-height: 115%; font-family: 'Arial','sans-serif';\">SANCIONA CON FUERZA DE ORDENANZA<\/span><\/p>\n<p class=\"MsoNormal\" style=\"text-align: justify;\"><span style=\"font-size: 12.0pt; line-height: 115%; font-family: 'Arial','sans-serif';\">\u00a0<\/span><\/p>\n<p class=\"MsoNormal\" style=\"text-align: justify;\"><span style=\"font-size: 12.0pt; line-height: 115%; font-family: 'Arial','sans-serif';\">Art 1\u00b0- Designar con el nombre \u201c2 de Abril\u201d al espacio verde p\u00fablico ubicado al Norte con calle Chiclana, al Este calle Tarrago Ros, al Oeste (sitio hist\u00f3rico de la Calera) y al Sur Celestino L\u00f3pez del B\u00b0 La Calera.<\/span><\/p>\n<p class=\"MsoNormal\" style=\"text-align: justify;\"><span style=\"font-size: 12.0pt; line-height: 115%; font-family: 'Arial','sans-serif';\">Art 2\u00b0- Col\u00f3quese el cartel identificatorio con el Nombre \u201cPlazoleta 2 de Abril\u201d, al espacio verde mencionado en el art 1\u00b0.<\/span><\/p>\n<p class=\"MsoNormal\" style=\"text-align: justify;\"><span style=\"font-size: 12.0pt; line-height: 115%; font-family: 'Arial','sans-serif';\">Art 3\u00b0- De Forma.<\/span><\/p>\n<p class=\"MsoNormal\" style=\"text-align: justify;\"><span style=\"font-size: 12.0pt; line-height: 115%; font-family: 'Arial','sans-serif';\">\u00a0<\/span><\/p>\n<p class=\"MsoNormal\" style=\"text-align: justify;\"><span style=\"font-size: 12.0pt; line-height: 115%; font-family: 'Arial','sans-serif';\">El Expte. N\u00b05511\/2020 en relaci\u00f3n a la nota Privada<span style=\"mso-spacerun: yes;\">\u00a0 <\/span>del Dr. Ricardo Larreteguy Cremona. Solicitando copia de la normativa vigente en materia de ruidos molestos. El concejal Santini pidi\u00f3 el pase al archivo, el que fue aprobado, y que se remita una respuesta por presidencia a la solicitud del vecino.<span style=\"mso-spacerun: yes;\">\u00a0 <\/span><\/span><\/p>\n<p class=\"MsoNormal\" style=\"text-align: justify;\"><span style=\"font-size: 12.0pt; line-height: 115%; font-family: 'Arial','sans-serif';\">\u00a0<\/span><\/p>\n<p class=\"MsoNormal\" style=\"text-align: justify;\"><span style=\"font-size: 12.0pt; line-height: 115%; font-family: 'Arial','sans-serif';\">Luego los despachos de la COMISION DE PRESUPUESTO, el Expte.<span style=\"mso-spacerun: yes;\">\u00a0 <\/span>N\u00b0 5449\/2020<span style=\"mso-spacerun: yes;\">\u00a0 <\/span>Proyecto de Ordenanza del D.E.M. Derogar la Ordenanza N\u00b0 2334\/06, sancionada por el H.C.D. de Curuz\u00fa Cuati\u00e1. La concejal muller coment\u00f3 que este proyecto es para beneficiar al buen contribuyente otorg\u00e1ndole un descuento en el importe anual del impuesto a los automotores e impuesto inmobiliario y suburbano, por lo que solicit\u00f3 el acompa\u00f1amiento de los Sres. concejales. Se puso a votaci\u00f3n y fue aprobado un\u00e1nimemente.<\/span><\/p>\n<p class=\"MsoNormal\" style=\"text-align: justify;\"><span style=\"font-size: 12.0pt; line-height: 115%; font-family: 'Arial','sans-serif';\">\u00a0<\/span><\/p>\n<p class=\"MsoNormal\" style=\"text-align: center;\" align=\"center\"><span style=\"font-size: 12.0pt; line-height: 115%; font-family: 'Arial','sans-serif';\">EL HONORABLE CONCEJO DELIBERANTE<\/span><\/p>\n<p class=\"MsoNormal\" style=\"text-align: center;\" align=\"center\"><span style=\"font-size: 12.0pt; line-height: 115%; font-family: 'Arial','sans-serif';\">DE CURUZU CUATIA<\/span><\/p>\n<p class=\"MsoNormal\" style=\"text-align: center;\" align=\"center\"><span style=\"font-size: 12.0pt; line-height: 115%; font-family: 'Arial','sans-serif';\">SANCIONA CON FUERZA DE<span style=\"mso-spacerun: yes;\">\u00a0 <\/span>ORDENANZA<\/span><\/p>\n<p class=\"MsoNormal\" style=\"text-align: justify;\"><span style=\"font-size: 12.0pt; line-height: 115%; font-family: 'Arial','sans-serif';\">\u00a0<\/span><\/p>\n<p class=\"MsoNormal\" style=\"text-align: justify;\"><span style=\"font-size: 12.0pt; line-height: 115%; font-family: 'Arial','sans-serif';\">Articulo 1\u00b0- ESTABLECER los siguientes beneficios tributarios como RECONOCIMIENTO AL BUEN CONTRIBUYENTE MUNICIPAL:<\/span><\/p>\n<p class=\"MsoNormal\" style=\"text-align: justify;\"><span style=\"font-size: 12.0pt; line-height: 115%; font-family: 'Arial','sans-serif';\">Inc. a) Otorgar un descuento de VEINTICINCO por ciento (25%) sobre el importe anual del Impuesto a los Automotores y otros Rodados e Impuesto Inmobiliario Urbano y Suburbano, a los contribuyentes que paguen por cada dominio y\/o adrema el importe total anual correspondiente al a\u00f1o que se encuentre en vigencia, antes del vencimiento general establecido para pago del anticipo del mismo a\u00f1o, en condiciones de contado y en una sola vez, en la<span style=\"mso-spacerun: yes;\">\u00a0 <\/span>medida que el 31 de Diciembre del a\u00f1o inmediato anterior no registre deudas en dichos conceptos. El presente descuento se denominar\u00e1 \u201cDESCUENTO POR PAGO TOTAL ANUAL ANTICIPADO\u201d.<\/span><\/p>\n<p class=\"MsoNormal\" style=\"text-align: justify;\"><span style=\"font-size: 12.0pt; line-height: 115%; font-family: 'Arial','sans-serif';\">Inc. b) La base imponible para el c\u00e1lculo del importe anual establecido en el inciso a) de la presente ser\u00e1 el mismo utilizado para la liquidaci\u00f3n del anticipo del a\u00f1o que se paga por adelantado. El pago que efect\u00faan los contribuyentes tendr\u00e1 el car\u00e1cter de \u00fanico y definitivo, y no producir\u00e1 ajustes en su favor o en su contra, aunque la base imponible sufra modificaciones durante el a\u00f1o. En ning\u00fan caso tampoco dar\u00e1 derecho a solicitar la repetici\u00f3n parcial del importe abonado en los casos de cambios de radicaci\u00f3n del automotor o cambios de titularidad dominial de la propiedad inmueble, ocurridas durante el a\u00f1o abonado en forma anticipada.<\/span><\/p>\n<p class=\"MsoNormal\" style=\"text-align: justify;\"><span style=\"font-size: 12.0pt; line-height: 115%; font-family: 'Arial','sans-serif';\">Inc. c) Otorgar un descuento DIEZ por ciento (10 %) por pago en t\u00e9rmino del importe que correspondiera abonar por los anticipos y por cada una de las cuotas del impuesto a los automotores y otros rodados y del impuesto inmobiliario urbano y suburbano, en la medida que al \u00faltimo dia del a\u00f1o calendario inmediato anterior, no se registre duda alguna por cada tributo. Este beneficio se conceder\u00e1 autom\u00e1ticamente sin necesidad de solicitud y corresponder\u00e1 \u00fanicamente para aquellos per\u00edodos en el que el pago se efectue en t\u00e9rmino y sin mora.<\/span><\/p>\n<p class=\"MsoNormal\" style=\"text-align: justify;\"><span style=\"font-size: 12.0pt; line-height: 115%; font-family: 'Arial','sans-serif';\">Inc. d) Los beneficios y descuentos establecidos en los incisos precedentes no son acumulables.<\/span><\/p>\n<p class=\"MsoNormal\" style=\"text-align: justify;\"><span style=\"font-size: 12.0pt; line-height: 115%; font-family: 'Arial','sans-serif';\">Articulo 2\u00b0- Derogar la Ordenanza 2334\/06.<\/span><\/p>\n<p class=\"MsoNormal\" style=\"text-align: justify;\"><span style=\"font-size: 12.0pt; line-height: 115%; font-family: 'Arial','sans-serif';\">Articulo 3\u00b0- De Forma.- <\/span><\/p>\n<p class=\"MsoNormal\" style=\"text-align: justify;\"><span style=\"font-size: 12.0pt; line-height: 115%; font-family: 'Arial','sans-serif';\">\u00a0<img decoding=\"async\" src=\"images\/261120-sesion-5.jpeg\" alt=\"\" \/><\/span><\/p>\n<p class=\"MsoNormal\" style=\"text-align: justify;\"><span style=\"font-size: 12.0pt; line-height: 115%; font-family: 'Arial','sans-serif';\">Continuando con los despachos se trat\u00f3 el de la Comisi\u00f3n de gobierno y obras p\u00fablicas, el Expte. N\u00b0 5458\/2020 sobre la nota del D.E.M. adjuntando expediente administrativo N\u00b0 2232 perteneciente al Sr. V\u00e1zquez \u00c1lvarez Jos\u00e9. Solicitando autorizaci\u00f3n para instalar un tr\u00e1iler gastron\u00f3mico en la Plaza Gral. Belgrano. La comisi\u00f3n solicit\u00f3 que se devuelva al DEM para cumplimentar algunas cuestiones que no dependen del Concejo. Se puso a votaci\u00f3n y fue aprobado.<\/span><\/p>\n<p class=\"MsoNormal\" style=\"text-align: justify;\"><span style=\"font-size: 12.0pt; line-height: 115%; font-family: 'Arial','sans-serif';\">Posteriormente se trataron los expedientes de la comisi\u00f3n de obras p\u00fablicas, primero el Expte. N\u00b0 5257\/2019 referido al proyecto de Resoluci\u00f3n del Bloque PJ. Solicitar al D.E.M. se incluya calles en el Plan de Pavimentaci\u00f3n. El concejal Farinon solicit\u00f3 el pase a archivo ya que seg\u00fan el art. 69 del reglamento interno ya cumpli\u00f3 su tiempo de tratamiento. Se puso a consideraci\u00f3n y fue aprobado su pase al archivo.<\/span><\/p>\n<p class=\"MsoNormal\" style=\"text-align: justify;\"><span style=\"font-size: 12.0pt; line-height: 115%; font-family: 'Arial','sans-serif';\">Seguido se trat\u00f3 el Expte. N\u00b0 5385\/2020 Proyecto de Resoluci\u00f3n del Bloque PJ. Reinstalar el m\u00e1stil donde todos los d\u00edas se izaba la Bandera Argentina en el Palacio Municipal. El concejal Ortiz explico ya que fue instalado el m\u00e1stil en el jard\u00edn del Palacio municipal, solicit\u00f3 el pase al archivo de este proyecto el que fue aprobado un\u00e1nimemente.<\/span><\/p>\n<p class=\"MsoNormal\" style=\"text-align: justify;\"><span style=\"font-size: 12.0pt; line-height: 115%; font-family: 'Arial','sans-serif';\">Seguidamente se trat\u00f3 el Expte.<span style=\"mso-spacerun: yes;\">\u00a0 <\/span>N\u00b0 5455\/2020 Proyecto de Resoluci\u00f3n del Bloque PJ. Que el D.E.M.<span style=\"mso-spacerun: yes;\">\u00a0 <\/span>incluya dentro del Plan de Pavimentaci\u00f3n la calle 16 de Noviembre, desde Italia hasta Av. Laprida. El concejal Ortiz explic\u00f3 que estas cuadras se han incluido en el plan de pavimentaci\u00f3n actual, por ello solicit\u00f3 el pase al archivo del proyecto el que fue aprobado de manera un\u00e1nime.<\/span><\/p>\n<p class=\"MsoNormal\" style=\"text-align: justify;\"><span style=\"font-size: 12.0pt; line-height: 115%; font-family: 'Arial','sans-serif';\">\u00a0<\/span><\/p>\n<p class=\"MsoNormal\" style=\"text-align: justify;\"><span style=\"font-size: 12.0pt; line-height: 115%; font-family: 'Arial','sans-serif';\">A continuaci\u00f3n se trat\u00f3 el Expte. N\u00b0 5501\/2020 Proyecto de Resoluci\u00f3n del Bloque Proyecto Corrientes. Solicitar al D.E.M. que a trav\u00e9s del \u00e1rea que corresponda realicen las reparaciones necesarias en el sector del Arco de entrada al acceso del B\u00b0 Villa del Parque.<span style=\"mso-spacerun: yes;\">\u00a0 <\/span>El concejal Farinon pidi\u00f3 su pase al archivo lo que fue aprobado.<\/span><\/p>\n<p class=\"MsoNormal\" style=\"text-align: justify;\"><span style=\"font-size: 12.0pt; line-height: 115%; font-family: 'Arial','sans-serif';\">\u00a0<\/span><\/p>\n<p class=\"MsoNormal\" style=\"text-align: justify;\"><span style=\"font-size: 12.0pt; line-height: 115%; font-family: 'Arial','sans-serif';\">El 4\u00b0 punto tratado de proyectos ingresados, de ordenanza, del Bloque<span style=\"mso-spacerun: yes;\">\u00a0 <\/span>Peronismo de Todos de Crear<span style=\"mso-spacerun: yes;\">\u00a0 <\/span>el Registro Municipal de Postulantes a Viviendas Sociales, pas\u00f3 a comisi\u00f3n de Gobierno.<\/span><\/p>\n<p class=\"MsoNormal\" style=\"text-align: justify;\"><span style=\"font-size: 12.0pt; line-height: 115%; font-family: 'Arial','sans-serif';\">\u00a0<\/span><\/p>\n<p class=\"MsoNormal\" style=\"text-align: justify;\"><span style=\"font-size: 12.0pt; line-height: 115%; font-family: 'Arial','sans-serif';\">De los<span style=\"mso-spacerun: yes;\">\u00a0 <\/span>Bloques UCR-PRO- Uni\u00f3n Popular y<span style=\"mso-spacerun: yes;\">\u00a0 <\/span>PJ, de Declarar Lugar Hist\u00f3rico y Patrimonio Cultural a la Plaza Gral. Belgrano de Curuz\u00fa Cuati\u00e1, el concejal Santini solicit\u00f3 la lectura del proyecto que habla de que las disposiciones que se desprenden de las Ordenanzas N\u00b0 2200,<span style=\"mso-spacerun: yes;\">\u00a0 <\/span>N\u00b0 3077 y N\u00b0 2591, que establecen normas, pautas y criterios respecto de Lugares Hist\u00f3ricos de la ciudad, monumentos, y o hechos y acciones que se desprenden de relatos hist\u00f3ricos y considerando la necesidad de preservar el Patrimonio Hist\u00f3rico de nuestra ciudad donde se desarrollaron los hechos m\u00e1s importantes desde el momento mismo de su Fundaci\u00f3n el 16 de noviembre de 1810 por el Gral. Manuel Belgrano y desde cuando comenz\u00f3 a escribirse nuestra historia como asentamiento, pueblo y m\u00e1s tarde ciudad, y adem\u00e1s poder recrear el espacio mismo donde se establecieron los primeros pobladores y fue organiz\u00e1ndose lo que fue m\u00e1s tarde nuestra ciudad como poblado en el centro sur de la provincia de Corrientes.<\/span><\/p>\n<p class=\"MsoNormal\" style=\"text-align: justify;\"><span style=\"font-size: 12.0pt; line-height: 115%; font-family: 'Arial','sans-serif';\">Que la Plaza que hoy lleva el nombre de nuestro Fundador el Gral. Manuel Belgrano, contiene dentro de s\u00ed misma y en su entorno los lugares hist\u00f3ricos determinantes que forjan nuestra creaci\u00f3n como ciudad, que se halla identificado el sitio mismo de la firma del Acta Fundacional el 16 de noviembre de 1810, la ubicaci\u00f3n de la primera capilla, y los primeros caser\u00edos fundacionales, el Monumento que honra al Gral. Manuel Belgrano, sitio donde se desarrollan los eventos m\u00e1s importantes de la ciudad, la columna griega que contiene en si<span style=\"mso-spacerun: yes;\">\u00a0 <\/span>a la estatua de la Libertad, en el centro de las diagonales que conforman el trazado central de la plaza, que en su momento fuera uno de los primeros pararrayos instalados en ciudad. Circundada por una frondosa arboleda centenaria y rodeada de sitios con parte de la historia como correlato de la misma, frente al edificio de la Iglesia Ntra. Sra. del Pilar cuyo nombre se lo diera oficialmente el Gral. Manuel Belgrano en el mismo nombre de la ciudad.<\/span><\/p>\n<p class=\"MsoNormal\" style=\"text-align: justify;\"><span style=\"font-size: 12.0pt; line-height: 115%; font-family: 'Arial','sans-serif';\">POR ELLO<\/span><\/p>\n<p class=\"MsoNormal\" style=\"text-align: center;\" align=\"center\"><span style=\"font-size: 12.0pt; line-height: 115%; font-family: 'Arial','sans-serif';\">EL HONORABLE CONCEJO DELIBERANTE<\/span><\/p>\n<p class=\"MsoNormal\" style=\"text-align: center;\" align=\"center\"><span style=\"font-size: 12.0pt; line-height: 115%; font-family: 'Arial','sans-serif';\">DE CURUZU CUATIA SANCIONA<\/span><\/p>\n<p class=\"MsoNormal\" style=\"text-align: center;\" align=\"center\"><span style=\"font-size: 12.0pt; line-height: 115%; font-family: 'Arial','sans-serif';\">CON FUERZA DE ORDENANZA<\/span><\/p>\n<p class=\"MsoNormal\" style=\"text-align: justify;\"><span style=\"font-size: 12.0pt; line-height: 115%; font-family: 'Arial','sans-serif';\">\u00a0<\/span><\/p>\n<p class=\"MsoNormal\" style=\"text-align: justify;\"><span style=\"font-size: 12.0pt; line-height: 115%; font-family: 'Arial','sans-serif';\">Art. N\u00b0 1. DECLARAR<span style=\"mso-spacerun: yes;\">\u00a0 <\/span>LUGAR HISTORICO y PATRIMONIO CULTURAL a la Plaza Gral. Manuel Belgrano de Curuz\u00fa Cuati\u00e1, comprendida entre las calles Gral. Ram\u00edrez, Ber\u00f3n de Astrada, Castillo y Juan Pujol de esta localidad.<\/span><\/p>\n<p class=\"MsoNormal\" style=\"text-align: justify;\"><span style=\"font-size: 12.0pt; line-height: 115%; font-family: 'Arial','sans-serif';\">Art. N\u00b0 2. ESTABLECER que todo el espacio comprendido por la manzana respectiva no podr\u00e1 ser modificado en su estructura bajo ning\u00fan concepto y solo se podr\u00e1 efectuar modificaci\u00f3n cuando se refiera a cuestiones hist\u00f3ricas y de naturaleza cultural \u00fanicamente. <\/span><\/p>\n<p class=\"MsoNormal\" style=\"text-align: justify;\"><span style=\"font-size: 12.0pt; line-height: 115%; font-family: 'Arial','sans-serif';\">Art. N\u00b0 3. DISPONER<span style=\"mso-spacerun: yes;\">\u00a0 <\/span>que todo cambio que deba realizarse en la estructura y o agregado de elementos que se enmarquen con hechos hist\u00f3ricos o de otro simbolismo, deber\u00e1n seguir estos los lineamientos arquitect\u00f3nicos establecidos en el presente, no pudiendo modificar su estilo bajo ning\u00fan concepto arquitect\u00f3nico ni urban\u00edstico.<\/span><\/p>\n<p class=\"MsoNormal\" style=\"text-align: justify;\"><span style=\"font-size: 12.0pt; line-height: 115%; font-family: 'Arial','sans-serif';\">Art. N\u00b0 4. COLOCAR una placa o mosaico recordatorio de la presente Ordenanza en lugar visible para todas las personas que visitan el lugar.<\/span><\/p>\n<p class=\"MsoNormal\" style=\"text-align: justify;\"><span style=\"font-size: 12.0pt; line-height: 115%; font-family: 'Arial','sans-serif';\">Art. N\u00b0 5. De Forma.<\/span><\/p>\n<p class=\"MsoNormal\" style=\"text-align: justify;\"><span style=\"font-size: 12.0pt; line-height: 115%; font-family: 'Arial','sans-serif';\">Luego de su lectura el concejal Santini solicit\u00f3 el tratamiento sobre tablas lo que fue aprobado, para que luego el presidente ponga en consideraci\u00f3n el tratamiento en particular y en general aprob\u00e1ndose como ordenanza.<\/span><\/p>\n<p class=\"MsoNormal\" style=\"text-align: justify;\"><span style=\"font-size: 12.0pt; line-height: 115%; font-family: 'Arial','sans-serif';\">\u00a0<\/span><\/p>\n<p class=\"MsoNormal\" style=\"text-align: justify;\"><span style=\"font-size: 12.0pt; line-height: 115%; font-family: 'Arial','sans-serif';\">De los<span style=\"mso-spacerun: yes;\">\u00a0 <\/span>Bloques UCR-PRO y<span style=\"mso-spacerun: yes;\">\u00a0 <\/span>Uni\u00f3n Popular, de Designar<span style=\"mso-spacerun: yes;\">\u00a0 <\/span>con el nombre de \u201cDr. Eugenio Abel Grela\u201d al centro de Atenci\u00f3n Primaria de la Salud (CAPS) en el Barrio<span style=\"mso-spacerun: yes;\">\u00a0 <\/span>150 Viv. INVICO. La concejal Ruiz solicit\u00f3 su lectura y posterior tratamiento sobre tablas, debido a que la inauguraci\u00f3n de la CAPS ser\u00e1 el pr\u00f3ximo 30 de noviembre, lo que fue aprobado. Luego de ser le\u00eddo el proyecto y aprobado su tratamiento sobre tablas, el presidente pone a consideraci\u00f3n en particular y en general lo que es aprobado como Ordenanza.<\/span><\/p>\n<p class=\"MsoNormal\" style=\"text-align: justify;\"><span style=\"font-size: 12.0pt; line-height: 115%; font-family: 'Arial','sans-serif';\">\u00a0<\/span><\/p>\n<p class=\"MsoNormal\" style=\"text-align: center;\" align=\"center\"><span style=\"font-size: 12.0pt; line-height: 115%; font-family: 'Arial','sans-serif';\">EL HONORABLE CONCEJO DELIBERANTE<\/span><\/p>\n<p class=\"MsoNormal\" style=\"text-align: center;\" align=\"center\"><span style=\"font-size: 12.0pt; line-height: 115%; font-family: 'Arial','sans-serif';\">DE CURUZU CUATIA<\/span><\/p>\n<p class=\"MsoNormal\" style=\"text-align: center;\" align=\"center\"><span style=\"font-size: 12.0pt; line-height: 115%; font-family: 'Arial','sans-serif';\">SANCIONA CON FUERZA DE ORDENANZA<\/span><\/p>\n<p class=\"MsoNormal\" style=\"text-align: justify;\"><span style=\"font-size: 12.0pt; line-height: 115%; font-family: 'Arial','sans-serif';\">\u00a0<\/span><\/p>\n<p class=\"MsoNormal\" style=\"text-align: justify;\"><span style=\"font-size: 12.0pt; line-height: 115%; font-family: 'Arial','sans-serif';\">Art. 1\u00b0 DESIGNAR con el nombre de \u201cDr. Abel Eugenio Grela\u201d al Centro de Atenci\u00f3n Primaria de la Salud (CAPS) en el Barrio 150 viviendas INVICO de la ciudad de Curuz\u00fa Cuati\u00e1.<\/span><\/p>\n<p class=\"MsoNormal\" style=\"text-align: justify;\"><span style=\"font-size: 12.0pt; line-height: 115%; font-family: 'Arial','sans-serif';\">Art. 2\u00b0 COLOCAR una placa recordatoria de la presente en el frente del edificio.<\/span><\/p>\n<p class=\"MsoNormal\" style=\"text-align: justify;\"><span style=\"font-size: 12.0pt; line-height: 115%; font-family: 'Arial','sans-serif';\">Art. 3\u00b0 De Forma.<\/span><\/p>\n<p class=\"MsoNormal\" style=\"text-align: justify;\"><span style=\"font-size: 12.0pt; line-height: 115%; font-family: 'Arial','sans-serif';\"><span style=\"mso-spacerun: yes;\">\u00a0 <\/span><\/span><\/p>\n<p class=\"MsoNormal\" style=\"text-align: justify;\"><span style=\"font-size: 12.0pt; line-height: 115%; font-family: 'Arial','sans-serif';\">Del Bloque<span style=\"mso-spacerun: yes;\">\u00a0 <\/span>PJ de establecer<span style=\"mso-spacerun: yes;\">\u00a0 <\/span>a trav\u00e9s de esta Ordenanza la autorizaci\u00f3n de faena de animales ovinos, porcinos y elaboraci\u00f3n de chacinados de producci\u00f3n local, la concejal Marchi solicit\u00f3 su tratamiento preferencial para la pr\u00f3xima sesi\u00f3n y pas\u00f3 a comisiones de Gobierno y Producci\u00f3n.<\/span><\/p>\n<p class=\"MsoNormal\" style=\"text-align: justify;\"><span style=\"font-size: 12.0pt; line-height: 115%; font-family: 'Arial','sans-serif';\"><span style=\"mso-spacerun: yes;\">\u00a0<\/span>De los<span style=\"mso-spacerun: yes;\">\u00a0 <\/span>Bloques UCR, PRO, Uni\u00f3n Popular y<span style=\"mso-spacerun: yes;\">\u00a0 <\/span>Acci\u00f3n por Corrientes, de establecer un sistema de emergencia tarifaria en el transporte p\u00fablico urbano de pasajeros de Curuz\u00fa Cuati\u00e1 por el t\u00e9rmino de ciento ochenta d\u00edas desde la publicaci\u00f3n de la presente.<span style=\"mso-spacerun: yes;\">\u00a0 <\/span>La concejal Ruiz solicit\u00f3 el tratamiento sobre tablas el que se aprob\u00f3 por 9 votos positivos y dos negativos de los concejales Duarte y Marchi. El proyecto se trata de establecer un sistema de emergencia tarifaria en el transporte p\u00fablico por ello dice visto que la Ordenanza N\u00b0 1292 de fecha 21 de septiembre de 1.995, la situaci\u00f3n econ\u00f3mica actual; y considerando que el art. N\u00b0 19 de la Ordenanza N\u00b0 1292\/95 establece que \u00ab&#8230;El precio de los servicios no podr\u00e1 ser aumentado, a menos que se justifique por un incremento proporcional de los costos, debiendo en todo caso analizarse la real incidencia de estos en el insumo total del servicio&#8230;\u00bb.-<\/span><\/p>\n<p class=\"MsoNormal\" style=\"text-align: justify;\"><span style=\"font-size: 12.0pt; line-height: 115%; font-family: 'Arial','sans-serif';\">Que es competencia del H.C.D. fijar las tarifas de colectivos conforme el art. N\u00b0 16 de la Ordenanza N\u00b0 1292\/95. Que ante la situaci\u00f3n epidemiol\u00f3gica y la consecuente realidad econ\u00f3mica requiere ser expeditivos al momento de fijar las tarifas de colectivos, m\u00e1xime con los niveles inflacionarios actuales que hacen que los precios queden desactualizados en poco tiempo. Que por ello resulta propicio autorizar al D.E.M. a que fije los precios de los boletos de colectivos por Resoluci\u00f3n \u00abAD REFERENDUM\u00bb del H.C.D. s\u00f3lo siempre y cuando se cumple los requisitos que emanan del art. N\u00b0 19 de la Ordenanza N\u00b0 1292\/95 como toda norma complementaria.<\/span><\/p>\n<p class=\"MsoNormal\" style=\"text-align: justify;\"><span style=\"font-size: 12.0pt; line-height: 115%; font-family: 'Arial','sans-serif';\">POR ELLO<\/span><\/p>\n<p class=\"MsoNormal\" style=\"text-align: center;\" align=\"center\"><span style=\"font-size: 12.0pt; line-height: 115%; font-family: 'Arial','sans-serif';\">EL HONORABLE CONCEJO DELIBERANTE<\/span><\/p>\n<p class=\"MsoNormal\" style=\"text-align: center;\" align=\"center\"><span style=\"font-size: 12.0pt; line-height: 115%; font-family: 'Arial','sans-serif';\">DE CURUZU CUATIA<\/span><\/p>\n<p class=\"MsoNormal\" style=\"text-align: center;\" align=\"center\"><span style=\"font-size: 12.0pt; line-height: 115%; font-family: 'Arial','sans-serif';\">SANCIONA CON FUERZA DE ORDENANZA<\/span><\/p>\n<p class=\"MsoNormal\" style=\"text-align: justify;\"><span style=\"font-size: 12.0pt; line-height: 115%; font-family: 'Arial','sans-serif';\">\u00a0<\/span><\/p>\n<p class=\"MsoNormal\" style=\"text-align: justify;\"><span style=\"font-size: 12.0pt; line-height: 115%; font-family: 'Arial','sans-serif';\">Art.1\u00b0.-<span style=\"mso-spacerun: yes;\">\u00a0 <\/span>ESTABLECER un sistema de emergencia tarifaria en el transporte p\u00fablico urbano de pasajeros de Curuz\u00fa Cuati\u00e1 por el t\u00e9rmino de ciento ochenta d\u00edas corridos desde la publicaci\u00f3n de la presente, prorrogable por otro t\u00e9rmino igual por Resoluci\u00f3n del D.E.M. en caso que se mantenga la situaci\u00f3n epidemiol\u00f3gica econ\u00f3mica y social del pa\u00eds.-<\/span><\/p>\n<p class=\"MsoNormal\" style=\"text-align: justify;\"><span style=\"font-size: 12.0pt; line-height: 115%; font-family: 'Arial','sans-serif';\">Art.2\u00b0.- Durante el plazo indicado en el art\u00edculo anterior, el concesionario propondr\u00e1 al D.E.M. las modificaciones del precio del boleto de transporte urbano en los t\u00e9rminos del inciso c) del art\u00edculo 5 de la Ordenanza N\u00b0 1292, justificando el incremento real de los costos de prestaci\u00f3n del servicio (art\u00edculo<\/span><\/p>\n<p class=\"MsoNormal\" style=\"text-align: justify;\"><span style=\"font-size: 12.0pt; line-height: 115%; font-family: 'Arial','sans-serif';\">19). Luego del an\u00e1lisis t\u00e9cnico de los componentes expresados y su impacto social, el DEM determinar\u00e1 el precio del boleto por Resoluci\u00f3n ad refer\u00e9ndum del HCD.<\/span><\/p>\n<p class=\"MsoNormal\" style=\"text-align: justify;\"><span style=\"font-size: 12.0pt; line-height: 115%; font-family: 'Arial','sans-serif';\">Art. 3\u00b0.- De Forma.<\/span><\/p>\n<p class=\"MsoNormal\" style=\"text-align: justify;\"><span style=\"font-size: 12.0pt; line-height: 115%; font-family: 'Arial','sans-serif';\">\u00a0<img decoding=\"async\" src=\"images\/261120-sesion-2.jpeg\" alt=\"\" \/><\/span><\/p>\n<p class=\"MsoNormal\" style=\"text-align: justify;\"><span style=\"font-size: 12.0pt; line-height: 115%; font-family: 'Arial','sans-serif';\">El presidente puso a consideraci\u00f3n de los Sres. concejales en particular y en general y fue aprobado como ordenanza por 9 votos positivos a 2 negativos de los concejales Duarte y Marchi.<\/span><\/p>\n<p class=\"MsoNormal\" style=\"text-align: justify;\"><span style=\"font-size: 12.0pt; line-height: 115%; font-family: 'Arial','sans-serif';\">De los Bloques Uni\u00f3n Popular -Acci\u00f3n por Corrientes- Proyecto Corrientes- PRO<span style=\"mso-spacerun: yes;\">\u00a0 <\/span>y UCR, de afectar el espacio p\u00fablico ubicado en las manzanas<span style=\"mso-spacerun: yes;\">\u00a0 <\/span>298 y 301 entre las calles Francisco Lidue\u00f1a y 16 de Noviembre para la construcci\u00f3n de garajes vehiculares, pas\u00f3 a comisi\u00f3n de Obras.<\/span><\/p>\n<p class=\"MsoNormal\" style=\"text-align: justify;\"><span style=\"font-size: 12.0pt; line-height: 115%; font-family: 'Arial','sans-serif';\">\u00a0<\/span><\/p>\n<p class=\"MsoNormal\" style=\"text-align: justify;\"><span style=\"font-size: 12.0pt; line-height: 115%; font-family: 'Arial','sans-serif';\">De Resoluci\u00f3n del Bloque<span style=\"mso-spacerun: yes;\">\u00a0 <\/span>Peronismo de Todos, de crear<span style=\"mso-spacerun: yes;\">\u00a0 <\/span>el programa legislativo \u201cBarrios y Calles de<span style=\"mso-spacerun: yes;\">\u00a0 <\/span>Curuz\u00fa\u201d y de solicitar a la Secretar\u00eda de Relaciones Parlamentarias, Institucionales y con la Sociedad Civil, la incorporaci\u00f3n del H.C.D. de Curuz\u00fa Cuati\u00e1 al Programa Nacional de Gobernanza y Calidad Parlamentaria, pasaron a comisi\u00f3n de Gobierno.<\/span><\/p>\n<p class=\"MsoNormal\" style=\"text-align: justify;\"><span style=\"font-size: 12.0pt; line-height: 115%; font-family: 'Arial','sans-serif';\"><span style=\"mso-spacerun: yes;\">\u00a0<\/span>De los Bloques UCR- Uni\u00f3n Popular y PRO, de adherir a la conmemoraci\u00f3n del \u201cD\u00eda Internacional de la Eliminaci\u00f3n<span style=\"mso-spacerun: yes;\">\u00a0 <\/span>de<span style=\"mso-spacerun: yes;\">\u00a0 <\/span>la Violencia contra la Mujer\u201d que se record\u00f3 el d\u00eda 25 de noviembre, la concejal Ruiz solicit\u00f3 el tratamiento sobre tablas y fue aprobado, para luego ser sometido a votaci\u00f3n y se aprob\u00f3 como Resoluci\u00f3n.<\/span><\/p>\n<p class=\"MsoNormal\" style=\"text-align: center;\" align=\"center\"><span style=\"font-size: 12.0pt; line-height: 115%; font-family: 'Arial','sans-serif';\">EL HONORABLE CONCEJO DELIBERANTE<\/span><\/p>\n<p class=\"MsoNormal\" style=\"text-align: center;\" align=\"center\"><span style=\"font-size: 12.0pt; line-height: 115%; font-family: 'Arial','sans-serif';\">DE CURUZU CUATIA<\/span><\/p>\n<p class=\"MsoNormal\" style=\"text-align: center;\" align=\"center\"><span style=\"font-size: 12.0pt; line-height: 115%; font-family: 'Arial','sans-serif';\">RESUELVE<\/span><\/p>\n<p class=\"MsoNormal\" style=\"text-align: justify;\"><span style=\"font-size: 12.0pt; line-height: 115%; font-family: 'Arial','sans-serif';\">Art. 1\u00b0. ADHERIR a la conmemoraci\u00f3n del \u201cD\u00eda Internacional de la Eliminaci\u00f3n de la Violencia contra la Mujer\u201d, que se recuerda cada 25<span style=\"mso-spacerun: yes;\">\u00a0 <\/span>de noviembre, fecha declarada por la Asamblea General de las naciones Unidas en 1999, a trav\u00e9s de la resoluci\u00f3n 54\/134.<\/span><\/p>\n<p class=\"MsoNormal\" style=\"text-align: justify;\">\u00a0<\/p>\n<p class=\"MsoNormal\" style=\"text-align: justify;\"><span style=\"font-size: 12.0pt; line-height: 115%; font-family: 'Arial','sans-serif';\">Art. 2\u00b0. De Forma.<\/span><\/p>\n<p class=\"MsoNormal\" style=\"text-align: justify;\"><span style=\"font-size: 12.0pt; line-height: 115%; font-family: 'Arial','sans-serif';\">\u00a0<\/span><\/p>\n<p class=\"MsoNormal\" style=\"text-align: justify;\"><span style=\"font-size: 12.0pt; line-height: 115%; font-family: 'Arial','sans-serif';\">Del Bloque<span style=\"mso-spacerun: yes;\">\u00a0 <\/span>PJ, que se realice las gestiones de forma urgente ante el ente regulador de<span style=\"mso-spacerun: yes;\">\u00a0 <\/span>la provincia para que proceda<span style=\"mso-spacerun: yes;\">\u00a0 <\/span>a la inspecci\u00f3n del lugar y a aplicar las sanciones correspondientes. La concejal Marchi solicit\u00f3 su tratamiento preferencial y pas\u00f3 a comisi\u00f3n de Obras.<\/span><\/p>\n<p class=\"MsoNormal\" style=\"text-align: justify;\"><span style=\"font-size: 12.0pt; line-height: 115%; font-family: 'Arial','sans-serif';\">Del<span style=\"mso-spacerun: yes;\">\u00a0 <\/span>Bloque ELI, de solicitar al D.E.M. la colocaci\u00f3n de especies de Palmeras Pind\u00f3 y Palmas en el trayecto de calle Tarrago Ros hasta calle Horacio Mart\u00ednez, pas\u00f3 a comisi\u00f3n de Obras.<\/span><\/p>\n<p class=\"MsoNormal\" style=\"text-align: justify;\"><span style=\"font-size: 12.0pt; line-height: 115%; font-family: 'Arial','sans-serif';\">De Declaraci\u00f3n, del<span style=\"mso-spacerun: yes;\">\u00a0 <\/span>Bloque ELI, de Declarar<span style=\"mso-spacerun: yes;\">\u00a0 <\/span>de Inter\u00e9s Municipal el Proyecto de Asignaci\u00f3n<span style=\"mso-spacerun: yes;\">\u00a0 <\/span>Retributiva Vitalicia Provincial (ARVP), para el personal que desempe\u00f1a tareas de \u201cBombero Voluntario\u201d, pas\u00f3 a comisi\u00f3n de Gobierno. <\/span><\/p>\n<p class=\"MsoNormal\" style=\"text-align: justify;\"><span style=\"font-size: 12.0pt; line-height: 115%; font-family: 'Arial','sans-serif';\">\u00a0<\/span><\/p>\n<p class=\"MsoNormal\" style=\"text-align: justify;\"><span style=\"font-size: 12.0pt; line-height: 115%; font-family: 'Arial','sans-serif';\">El 5\u00b0 punto tratado fue el de comunicaciones oficiales, del D.E.M, los Boletines Oficiales N\u00b0 3333 BIS, N\u00b0 3333 TER, N\u00b0 3333 QUATER y N\u00b0 3334,. Quedaron en secretar\u00eda.<\/span><\/p>\n<p class=\"MsoNormal\" style=\"text-align: justify;\"><span style=\"font-size: 12.0pt; line-height: 115%; font-family: 'Arial','sans-serif';\">Del Director de Personal, presentando movimiento de personal del<span style=\"mso-spacerun: yes;\">\u00a0 <\/span>mes de<span style=\"mso-spacerun: yes;\">\u00a0 <\/span>Septiembre 2020, qued\u00f3 en secretar\u00eda.<\/span><\/p>\n<p class=\"MsoNormal\" style=\"text-align: justify;\"><span style=\"font-size: 12.0pt; line-height: 115%; font-family: 'Arial','sans-serif';\">Del Presidente del H.C.D., Resoluci\u00f3n N\u00ba 105\/2020, solicita<span style=\"mso-spacerun: yes;\">\u00a0 <\/span>pr\u00f3rroga por<span style=\"mso-spacerun: yes;\">\u00a0\u00a0 <\/span>24 meses<span style=\"mso-spacerun: yes;\">\u00a0 <\/span>de la<span style=\"mso-spacerun: yes;\">\u00a0 <\/span>adscripci\u00f3n<span style=\"mso-spacerun: yes;\">\u00a0 <\/span>del Agente Municipal Edgardo Alfredo Olivera, al \u00e1rea de Bromatolog\u00eda y Calidad Ambiental, donde se encuentra actualmente<\/span><\/p>\n<p class=\"MsoNormal\" style=\"text-align: justify;\"><span style=\"font-size: 12.0pt; line-height: 115%; font-family: 'Arial','sans-serif';\">\u00a0<\/span><\/p>\n<p class=\"MsoNormal\" style=\"text-align: justify;\"><span style=\"font-size: 12.0pt; line-height: 115%; font-family: 'Arial','sans-serif';\">El 6\u00b0 punto fue el de resoluciones del DEM<\/span><\/p>\n<p class=\"MsoNormal\" style=\"text-align: justify;\"><span style=\"font-size: 12.0pt; line-height: 115%; font-family: 'Arial','sans-serif';\">N\u00b0 460: Otorgar ayuda econ\u00f3mica<span style=\"mso-spacerun: yes;\">\u00a0 <\/span>a<span style=\"mso-spacerun: yes;\">\u00a0 <\/span>la Sra. Milca Ester Custiriano.<\/span><\/p>\n<p class=\"MsoNormal\" style=\"text-align: justify;\"><span style=\"font-size: 12.0pt; line-height: 115%; font-family: 'Arial','sans-serif';\">N\u00b0 461: Otorgar ayuda econ\u00f3mica<span style=\"mso-spacerun: yes;\">\u00a0 <\/span>a<span style=\"mso-spacerun: yes;\">\u00a0 <\/span>la Sra. Fabiana Irup\u00e9 Romero.<\/span><\/p>\n<p class=\"MsoNormal\" style=\"text-align: justify;\"><span style=\"font-size: 12.0pt; line-height: 115%; font-family: 'Arial','sans-serif';\">N\u00b0 462: Otorgar ayuda econ\u00f3mica<span style=\"mso-spacerun: yes;\">\u00a0 <\/span>a<span style=\"mso-spacerun: yes;\">\u00a0 <\/span>la Sra. Mar\u00eda Soledad Bejarano.<\/span><\/p>\n<p class=\"MsoNormal\" style=\"text-align: justify;\"><span style=\"font-size: 12.0pt; line-height: 115%; font-family: 'Arial','sans-serif';\">N\u00b0 463: Otorgar ayuda econ\u00f3mica<span style=\"mso-spacerun: yes;\">\u00a0 <\/span>a<span style=\"mso-spacerun: yes;\">\u00a0 <\/span>la Sra. Cintia Pamela Cabrera.<\/span><\/p>\n<p class=\"MsoNormal\" style=\"text-align: justify;\"><span style=\"font-size: 12.0pt; line-height: 115%; font-family: 'Arial','sans-serif';\">N\u00b0 464: Descontar en la Planilla de<span style=\"mso-spacerun: yes;\">\u00a0 <\/span>haberes del mes de Septiembre<span style=\"mso-spacerun: yes;\">\u00a0 <\/span>2020, los d\u00edas que se detallan<span style=\"mso-spacerun: yes;\">\u00a0 <\/span>en la presente.<\/span><\/p>\n<p class=\"MsoNormal\" style=\"text-align: justify;\"><span style=\"font-size: 12.0pt; line-height: 115%; font-family: 'Arial','sans-serif';\">N\u00b0 465: Autorizar<span style=\"mso-spacerun: yes;\">\u00a0 <\/span>la compra de 7.040 ladrillos a la firma GALPON SUR C.U.I.T N\u00b0 30- 70899795-4, para la realizaci\u00f3n de la obra de en el Cementerio Municipal \u201cNuestra Sra. De los Desamparados\u201d, y otras obras en ejecuci\u00f3n.<\/span><\/p>\n<p class=\"MsoNormal\" style=\"text-align: justify;\"><span style=\"font-size: 12.0pt; line-height: 115%; font-family: 'Arial','sans-serif';\">N\u00b0 466: Convocar<span style=\"mso-spacerun: yes;\">\u00a0 <\/span>a Licitaci\u00f3n P\u00fablica Nacional N\u00b0 03\/2020,<span style=\"mso-spacerun: yes;\">\u00a0 <\/span>con el objeto ADQUIRIR MATERIALES DE CONSTRUCCI\u00d3N.<\/span><\/p>\n<p class=\"MsoNormal\" style=\"text-align: justify;\"><span style=\"font-size: 12.0pt; line-height: 115%; font-family: 'Arial','sans-serif';\">N\u00b0 467: Otorgar ayuda econ\u00f3mica<span style=\"mso-spacerun: yes;\">\u00a0 <\/span>a<span style=\"mso-spacerun: yes;\">\u00a0 <\/span>la Sra. Rosana Itat\u00ed Benavidez.<\/span><\/p>\n<p class=\"MsoNormal\" style=\"text-align: justify;\"><span style=\"font-size: 12.0pt; line-height: 115%; font-family: 'Arial','sans-serif';\">N\u00b0 468: Otorgar ayuda econ\u00f3mica<span style=\"mso-spacerun: yes;\">\u00a0 <\/span>a<span style=\"mso-spacerun: yes;\">\u00a0 <\/span>la Sra. Ivana Paola Franco.<\/span><\/p>\n<p class=\"MsoNormal\" style=\"text-align: justify;\"><span style=\"font-size: 12.0pt; line-height: 115%; font-family: 'Arial','sans-serif';\">N\u00b0 469: Autorizar a la Direcci\u00f3n de Salud de la Municipalidad de Curuz\u00fa Cuati\u00e1, a disponer que personas deber\u00e1n cumplir con el aislamiento obligatorio de 10 d\u00edas, ya sea por<span style=\"mso-spacerun: yes;\">\u00a0 <\/span>provenir<span style=\"mso-spacerun: yes;\">\u00a0 <\/span>de zonas de riesgos y\/o han tenido contacto estrecho con portadores del virus COVID-19.<\/span><\/p>\n<p class=\"MsoNormal\" style=\"text-align: justify;\"><span style=\"font-size: 12.0pt; line-height: 115%; font-family: 'Arial','sans-serif';\">N\u00b0 470: Otorgar ayuda econ\u00f3mica<span style=\"mso-spacerun: yes;\">\u00a0 <\/span>a<span style=\"mso-spacerun: yes;\">\u00a0 <\/span>la Sra. Mar\u00eda Elvira D\u00edaz Galeano.<\/span><\/p>\n<p class=\"MsoNormal\" style=\"text-align: justify;\"><span style=\"font-size: 12.0pt; line-height: 115%; font-family: 'Arial','sans-serif';\">N\u00b0 471: Adjudicar a los<span style=\"mso-spacerun: yes;\">\u00a0 <\/span>oferentes que se indica en la presente,<span style=\"mso-spacerun: yes;\">\u00a0 <\/span>la Licitaci\u00f3n P\u00fablica 01\/2020 teniendo en cuenta, las propuestas que resultaron v\u00e1lidas, atento a la Licitaci\u00f3n P\u00fablica realizada.<\/span><\/p>\n<p class=\"MsoNormal\" style=\"text-align: justify;\"><span style=\"font-size: 12.0pt; line-height: 115%; font-family: 'Arial','sans-serif';\">\u00a0<\/span><\/p>\n<p class=\"MsoNormal\" style=\"text-align: justify;\"><span style=\"font-size: 12.0pt; line-height: 115%; font-family: 'Arial','sans-serif';\">Para finalizar el presidente convoc\u00f3 a los Sres. concejales para el d\u00eda mi\u00e9rcoles 2 de diciembre del corriente a las 9.30hs. a la audiencia p\u00fablica de designaci\u00f3n de nombre a la plazoleta en el barrio H\u00e9roes de Malvinas y posterior sesi\u00f3n en el recinto de sesiones.<\/span><\/p>\n","protected":false},"excerpt":{"rendered":"<p class=\"MsoNormal\" style=\"text-align: justify;\"><img decoding=\"async\" src=\"images\/261120-sesion-1.jpeg\" alt=\"\" \/><\/p>\n<p class=\"MsoNormal\" style=\"text-align: justify;\"><span style=\"font-size: 12.0pt; line-height: 115%; font-family: 'Arial','sans-serif';\">A las 9.30hs. del jueves 26 de noviembre, el presidente del cuerpo Sr. Marcos Isusi y la secretaria Dra. Priscila Fonseca, con la totalidad de los concejales presentes, se dio inicio a la audiencia p\u00fablica prevista para la fecha en relaci\u00f3n a la donaci\u00f3n al Club Social Y Deportivo Patita- Asociaci\u00f3n Civil, el Inmueble de propiedad municipal. Estuvieron presentes en representaci\u00f3n del club, su presidente el Sr. Jorge Arce e integrantes de la comisi\u00f3n directiva.<\/span><\/p>\n","protected":false},"author":1,"featured_media":1074,"comment_status":"open","ping_status":"open","sticky":false,"template":"","format":"standard","meta":{"footnotes":""},"categories":[3],"tags":[],"class_list":["post-1075","post","type-post","status-publish","format-standard","has-post-thumbnail","hentry","category-uncategorised"],"brizy_media":[],"_links":{"self":[{"href":"https:\/\/concejocuruzucuatia.gob.ar\/wp\/wp-json\/wp\/v2\/posts\/1075","targetHints":{"allow":["GET"]}}],"collection":[{"href":"https:\/\/concejocuruzucuatia.gob.ar\/wp\/wp-json\/wp\/v2\/posts"}],"about":[{"href":"https:\/\/concejocuruzucuatia.gob.ar\/wp\/wp-json\/wp\/v2\/types\/post"}],"author":[{"embeddable":true,"href":"https:\/\/concejocuruzucuatia.gob.ar\/wp\/wp-json\/wp\/v2\/users\/1"}],"replies":[{"embeddable":true,"href":"https:\/\/concejocuruzucuatia.gob.ar\/wp\/wp-json\/wp\/v2\/comments?post=1075"}],"version-history":[{"count":0,"href":"https:\/\/concejocuruzucuatia.gob.ar\/wp\/wp-json\/wp\/v2\/posts\/1075\/revisions"}],"wp:featuredmedia":[{"embeddable":true,"href":"https:\/\/concejocuruzucuatia.gob.ar\/wp\/wp-json\/wp\/v2\/media\/1074"}],"wp:attachment":[{"href":"https:\/\/concejocuruzucuatia.gob.ar\/wp\/wp-json\/wp\/v2\/media?parent=1075"}],"wp:term":[{"taxonomy":"category","embeddable":true,"href":"https:\/\/concejocuruzucuatia.gob.ar\/wp\/wp-json\/wp\/v2\/categories?post=1075"},{"taxonomy":"post_tag","embeddable":true,"href":"https:\/\/concejocuruzucuatia.gob.ar\/wp\/wp-json\/wp\/v2\/tags?post=1075"}],"curies":[{"name":"wp","href":"https:\/\/api.w.org\/{rel}","templated":true}]}}