{"id":1008,"date":"2020-09-15T19:13:42","date_gmt":"2020-09-15T19:13:42","guid":{"rendered":"https:\/\/concejocuruzucuatia.gob.ar\/wp\/2020\/09\/15\/el-honorable-concejo-deliberante-reconocio-por-su-labor-y-trayectoria-en-el-poder-legislativo-local-a-la-dra-maria-cristina-marin\/"},"modified":"2020-09-15T19:13:42","modified_gmt":"2020-09-15T19:13:42","slug":"el-honorable-concejo-deliberante-reconocio-por-su-labor-y-trayectoria-en-el-poder-legislativo-local-a-la-dra-maria-cristina-marin","status":"publish","type":"post","link":"https:\/\/concejocuruzucuatia.gob.ar\/wp\/2020\/09\/15\/el-honorable-concejo-deliberante-reconocio-por-su-labor-y-trayectoria-en-el-poder-legislativo-local-a-la-dra-maria-cristina-marin\/","title":{"rendered":"El Honorable Concejo Deliberante reconoci\u00f3 por su labor y trayectoria en el Poder Legislativo local a la Dra. Mar\u00eda Cristina Mar\u00edn"},"content":{"rendered":"<p class=\"MsoNormal\" style=\"text-align: justify;\"><span lang=\"ES\" style=\"mso-ansi-language: ES;\"><img decoding=\"async\" src=\"images\/150920-sesion-dra-marin-1.JPG\" alt=\"\" \/><\/span><span lang=\"ES\" style=\"mso-ansi-language: ES;\">\u00a0<\/span><\/p>\n<p class=\"MsoNormal\" style=\"text-align: justify;\"><span lang=\"ES\" style=\"mso-ansi-language: ES;\">Como estaba previsto, el martes 15 de septiembre del corriente, a las 11hs. se dio inicio a la sesi\u00f3n especial presidida por el presidente Marcos Isusi, acompa\u00f1ado en la oportunidad en representaci\u00f3n del Intendente, el vice intendente Guillermo Morandini.<span style=\"mso-spacerun: yes;\">\u00a0 <\/span>La sesi\u00f3n especial fue convocada para realizar un reconocimiento a la Dra. Mar\u00eda Cristina Mar\u00edn, quien se acogi\u00f3 al beneficio de la jubilaci\u00f3n, la que fue durante 36 a\u00f1os personal del Honorable Concejo Deliberante ocupando el cargo de secretaria.<\/span><\/p>\n<p class=\"MsoNormal\" style=\"text-align: justify;\"><span lang=\"ES\" style=\"mso-ansi-language: ES;\">Con la presencia de los Sres. Concejales Santini, Ruiz, Quiroz, M\u00fcller, Naya Irigoyen, Ortiz, Farinon, Rub\u00edn y Marchi, la prosecretaria Priscila Fonseca, personal del concejo, invitados especiales, ex compa\u00f1eros de la Dra. Mar\u00eda Cristina y familiares y prensa.<\/span><\/p>\n<p class=\"MsoNormal\" style=\"text-align: justify;\"><span lang=\"ES\" style=\"mso-ansi-language: ES;\">El presidente da inicio a la sesi\u00f3n especial y se pide un cuarto intermedio para escuchar al Sr. Amparo Ubeda y Liliana Callaba, ex compa\u00f1eros de trabajo. Tambi\u00e9n se expres\u00f3 el periodista Roque Barrios recordando an\u00e9cdotas vividas.<\/span><\/p>\n<p class=\"MsoNormal\" style=\"text-align: justify;\"><span lang=\"ES\" style=\"mso-ansi-language: ES;\">Luego el presidente retoma la sesi\u00f3n y les da la palabra a los ediles quienes fueron expresando sus agradecimientos y vivencias que tuvieron con la Dra. Mar\u00edn, a la que le desearon que esta nueva etapa sea muy feliz.<\/span><\/p>\n<p class=\"MsoNormal\" style=\"text-align: justify;\"><span lang=\"ES\" style=\"mso-ansi-language: ES;\"><img loading=\"lazy\" decoding=\"async\" src=\"images\/150920-sesion-dra-marin-2.JPG\" alt=\"\" width=\"455\" height=\"305\" \/>\u00a0<img loading=\"lazy\" decoding=\"async\" src=\"images\/150920-sesion-dra-marin-3.JPG\" alt=\"\" width=\"462\" height=\"309\" \/><\/span><\/p>\n<p class=\"MsoNormal\" style=\"text-align: justify;\"><span lang=\"ES\" style=\"mso-ansi-language: ES;\">Luego, el Presidente Marcos Isusi se expres\u00f3 \u201cEn este a\u00f1o que se cumple los 100 a\u00f1os de la primera sesi\u00f3n, quer\u00eda que el nombre de la Dra. Mar\u00edn quede plasmada en la placa que descubrimos en la entrada del Palacio, porque sent\u00eda era un reconocimiento a una secretar\u00eda y a una persona que tanto dio a la instituci\u00f3n, que yo siempre digo que el Concejo Deliberante, es la Madre de las instituciones, donde el pueblo reflejan en sus representantes, que son los concejales todo lo que sienten y todo lo que quieren de su ciudad. Cumplir cien a\u00f1os en una instituci\u00f3n madre, yo sent\u00eda que ten\u00eda que quedar plasmada en un recordatorio, que quede por el tiempo el nombre de la Dra. Mar\u00edn, as\u00ed fue as que le agradezco queme haya acompa\u00f1ado por este tiempo\u201d.<\/span><\/p>\n<p class=\"MsoNormal\" style=\"text-align: justify;\"><span lang=\"ES\" style=\"mso-ansi-language: ES;\">Luego agreg\u00f3 \u201cNo necesit\u00e1bamos ir a la Carta Org\u00e1nica, ni al reglamento interno, simplemente nuestro \u00f3rgano <span style=\"mso-spacerun: yes;\">\u00a0<\/span>de consulta era la Dra., quien enseguida nos dec\u00eda y orientaba para tratar alg\u00fan tema. Hablando con amigos, que no solo han pasado como concejales o funcionarios, todos coincidimos lo mismo, la sabidur\u00eda de tanto asesoramiento que ha dado la Dra. Mar\u00edn\u201d.<\/span><\/p>\n<p class=\"MsoNormal\" style=\"text-align: justify;\"><span lang=\"ES\" style=\"mso-ansi-language: ES;\">Continu\u00f3 diciendo \u201cEl sentimiento por sobre todas las cosas se tiene que plasmar en algo, para despedir a una persona tiene que ser en algo muy especial, quer\u00edamos otro tipo de despedida, pero estamos viviendo un tiempo muy condicionado, as\u00ed que el afecto de la familia, de algunos amigos, la presencia de los concejales, del ejecutivo y la entrega de unos presentes es lo que podemos hacer en estos tiempos, por ello gracias por estar, a su familia, a sus amigos y en lo personal le deseo lo mejor que disfrute y desde el coraz\u00f3n le digo que sea muy feliz y muchas gracias por ser lo que es\u201d.<\/span><\/p>\n<p class=\"MsoNormal\" style=\"text-align: justify;\"><span lang=\"ES\" style=\"mso-ansi-language: ES;\"><img decoding=\"async\" src=\"images\/150920-sesion-dra-marin-4.JPG\" alt=\"\" \/><\/span><\/p>\n<p class=\"MsoNormal\" style=\"text-align: justify;\"><span lang=\"ES\" style=\"mso-ansi-language: ES;\">Seguidamente se expres\u00f3 en representaci\u00f3n del Poder Ejecutivo el vice intendente Guillermo Morandini, para luego escuchar las palabras de la Dra. Mar\u00eda Cristina Mar\u00edn, que comenz\u00f3 recordando sus inicios en el Honorable Concejo Deliberante siendo un camino dif\u00edcil para reorganizar luego de la dictadura militar.<\/span><\/p>\n<p class=\"MsoNormal\" style=\"text-align: justify;\"><span lang=\"ES\" style=\"mso-ansi-language: ES;\">Adem\u00e1s record\u00f3 la creaci\u00f3n de la Carta Org\u00e1nica y el Reglamento Interno, tambi\u00e9n sobre las capacitaciones en t\u00e9cnica legislativa para que las ordenanzas tengan claridad y sean concisas. <\/span><\/p>\n<p class=\"MsoNormal\" style=\"text-align: justify;\"><span lang=\"ES\" style=\"mso-ansi-language: ES;\">Tambi\u00e9n mencion\u00f3 las jornadas organizadas en la Legislatura Provincial para elaborar la p\u00e1gina especializada de la Legislatura, que para preparar esto, cada una de las ciudades de la provincia tuvo que preparar un digesto, como se dec\u00eda en ese momento. <\/span><\/p>\n<p class=\"MsoNormal\" style=\"text-align: justify;\"><span lang=\"ES\" style=\"mso-ansi-language: ES;\">\u201cMuchos a\u00f1os nos llev\u00f3 ir cargando las ordenanzas e ir clasific\u00e1ndolas en vigentes e hist\u00f3ricas, y despu\u00e9s de mucho trabajo en la carga hasta que Gustavo Osacar nos prepar\u00f3 el \u201cBuscador de Ordenanzas\u201d que lo inauguramos en el a\u00f1o 2018, el que fue mi sue\u00f1o, fue haber cumplido la tarea. Cada vez que alguien nos consultaba ten\u00edamos que buscar en un cuadernito y decir en que \u00e9poca fu\u00e9, ver si estaba o no vigente. Haber culminado y hoy gracias a eso pueden consultar la Universidad, el Instituto Superior, la Justicia, tambi\u00e9n todos. Tarea cumplida\u201d.<\/span><\/p>\n<p class=\"MsoNormal\" style=\"text-align: justify;\"><span lang=\"ES\" style=\"mso-ansi-language: ES;\">Emocionada la Dra. Cristina Marin dijo \u201cQuiero recordar a mis compa\u00f1eros, voy a nombrar a los que ya se jubilaron, Chuchi, Liliana, Amparito, Jos\u00e9 Luis, \u00d1ongui y Graciela, gracias. A los concejales, muchos desde 1983 hasta la fecha son mis amigos y eso es muy valorable. Yo me voy a despedir de estas palabras recordando a mi pap\u00e1 y mi mam\u00e1 que gracias a ellos soy lo que soy. Ahora voy a gozar del beneficio de la jubilaci\u00f3n, gracias Sres. Concejales por este mimo de honra\u201d.<\/span><\/p>\n<p class=\"MsoNormal\" style=\"text-align: justify;\"><span lang=\"ES\" style=\"mso-ansi-language: ES;\">Para finalizar la sesi\u00f3n especial se hizo entrega de arreglos florales, por el<span style=\"mso-spacerun: yes;\">\u00a0 <\/span>Honorable Concejo Deliberante, los Concejales Rosa Beatriz Marchi Por el Bloque PJ y por el<span style=\"mso-spacerun: yes;\">\u00a0 <\/span>Bloque Acci\u00f3n por Corrientes Hern\u00e1n Andr\u00e9s Ortiz. Por el Departamento Ejecutivo municipal<span style=\"mso-spacerun: yes;\">\u00a0 <\/span>el Sr. Vice Intendente Municipal<span style=\"mso-spacerun: yes;\">\u00a0 <\/span>Guillermo Morandini.<\/span><\/p>\n<p class=\"MsoNormal\" style=\"text-align: justify;\"><span lang=\"ES\" style=\"mso-ansi-language: ES;\">La entrega del Diploma, por el Honorable Concejo Deliberante,<span style=\"mso-spacerun: yes;\">\u00a0 <\/span>sus compa\u00f1eros de trabajo Ram\u00f3n Carballo y Orlando Corradini.<\/span><\/p>\n<p class=\"MsoNormal\" style=\"text-align: justify;\"><span lang=\"ES\" style=\"mso-ansi-language: ES;\">La entrega de una placa a cargo de los concejales,<span style=\"mso-spacerun: yes;\">\u00a0 <\/span>del Bloque Pro, Cra. Rosa Muller y del Bloque Proyecto Corrientes, Ram\u00f3n Farinon<\/span><\/p>\n<p class=\"MsoNormal\" style=\"text-align: justify;\"><span lang=\"ES\" style=\"mso-ansi-language: ES;\">Y un presente el<span style=\"mso-spacerun: yes;\">\u00a0 <\/span>Presidente Marcos Ram\u00f3n<span style=\"mso-spacerun: yes;\">\u00a0 <\/span>Isusi y la Vice Pte. 1ra la Sra. Mariel Naya Irigoyen.<\/span><\/p>\n<p class=\"MsoNormal\" style=\"text-align: justify;\"><span lang=\"ES\" style=\"mso-ansi-language: ES;\"><img decoding=\"async\" src=\"images\/150920-sesion-dra-marin-5.JPG\" alt=\"\" \/><\/span><\/p>\n<p class=\"MsoNormal\" style=\"text-align: justify;\"><span lang=\"ES\" style=\"mso-ansi-language: ES;\"><img decoding=\"async\" src=\"images\/150920-sesion-dra-marin-6.JPG\" alt=\"\" \/><\/span><\/p>\n<p class=\"MsoNormal\" style=\"text-align: justify;\"><span lang=\"ES\" style=\"mso-ansi-language: ES;\"><img decoding=\"async\" src=\"images\/150920-sesion-dra-marin-7.JPG\" alt=\"\" \/><\/span><\/p>\n<p class=\"MsoNormal\" style=\"text-align: justify;\"><span lang=\"ES\" style=\"mso-ansi-language: ES;\"><span style=\"mso-spacerun: yes;\">\u00a0<\/span><span style=\"mso-spacerun: yes;\">\u00a0<\/span><span style=\"mso-spacerun: yes;\">\u00a0<\/span><\/span><\/p>\n<p class=\"MsoNormal\" style=\"text-align: justify;\"><span lang=\"ES\" style=\"mso-ansi-language: ES;\"><span style=\"mso-spacerun: yes;\">\u00a0<\/span><\/span><\/p>\n<p class=\"MsoNormal\" style=\"text-align: justify;\"><span lang=\"ES\" style=\"mso-ansi-language: ES;\"><span style=\"mso-spacerun: yes;\">\u00a0<\/span><\/span><\/p>\n<p class=\"MsoNormal\" style=\"text-align: justify;\"><span lang=\"ES\" style=\"mso-ansi-language: ES;\"><span style=\"mso-spacerun: yes;\">\u00a0<\/span><span style=\"mso-spacerun: yes;\">\u00a0<\/span><span style=\"mso-spacerun: yes;\">\u00a0<\/span><span style=\"mso-spacerun: yes;\">\u00a0<\/span><span style=\"mso-spacerun: yes;\">\u00a0<\/span><\/span><\/p>\n","protected":false},"excerpt":{"rendered":"<p class=\"MsoNormal\" style=\"text-align: justify;\"><span lang=\"ES\" style=\"mso-ansi-language: ES;\"><img decoding=\"async\" src=\"images\/150920-sesion-dra-marin-1.JPG\" alt=\"\" \/><\/span><span lang=\"ES\" style=\"mso-ansi-language: ES;\">\u00a0<\/span><\/p>\n<p class=\"MsoNormal\" style=\"text-align: justify;\"><span lang=\"ES\" style=\"mso-ansi-language: ES;\">Como estaba previsto, el martes 15 de septiembre del corriente, a las 11hs. se dio inicio a la sesi\u00f3n especial presidida por el presidente Marcos Isusi, acompa\u00f1ado en la oportunidad en representaci\u00f3n del Intendente, el vice intendente Guillermo Morandini.<span style=\"mso-spacerun: yes;\">\u00a0 <\/span>La sesi\u00f3n especial fue convocada para realizar un reconocimiento a la Dra. Mar\u00eda Cristina Mar\u00edn, quien se acogi\u00f3 al beneficio de la jubilaci\u00f3n, la que fue durante 36 a\u00f1os personal del Honorable Concejo Deliberante ocupando el cargo de secretaria.<\/span><\/p>\n","protected":false},"author":1,"featured_media":1007,"comment_status":"open","ping_status":"open","sticky":false,"template":"","format":"standard","meta":{"footnotes":""},"categories":[3],"tags":[],"class_list":["post-1008","post","type-post","status-publish","format-standard","has-post-thumbnail","hentry","category-uncategorised"],"brizy_media":[],"_links":{"self":[{"href":"https:\/\/concejocuruzucuatia.gob.ar\/wp\/wp-json\/wp\/v2\/posts\/1008","targetHints":{"allow":["GET"]}}],"collection":[{"href":"https:\/\/concejocuruzucuatia.gob.ar\/wp\/wp-json\/wp\/v2\/posts"}],"about":[{"href":"https:\/\/concejocuruzucuatia.gob.ar\/wp\/wp-json\/wp\/v2\/types\/post"}],"author":[{"embeddable":true,"href":"https:\/\/concejocuruzucuatia.gob.ar\/wp\/wp-json\/wp\/v2\/users\/1"}],"replies":[{"embeddable":true,"href":"https:\/\/concejocuruzucuatia.gob.ar\/wp\/wp-json\/wp\/v2\/comments?post=1008"}],"version-history":[{"count":0,"href":"https:\/\/concejocuruzucuatia.gob.ar\/wp\/wp-json\/wp\/v2\/posts\/1008\/revisions"}],"wp:featuredmedia":[{"embeddable":true,"href":"https:\/\/concejocuruzucuatia.gob.ar\/wp\/wp-json\/wp\/v2\/media\/1007"}],"wp:attachment":[{"href":"https:\/\/concejocuruzucuatia.gob.ar\/wp\/wp-json\/wp\/v2\/media?parent=1008"}],"wp:term":[{"taxonomy":"category","embeddable":true,"href":"https:\/\/concejocuruzucuatia.gob.ar\/wp\/wp-json\/wp\/v2\/categories?post=1008"},{"taxonomy":"post_tag","embeddable":true,"href":"https:\/\/concejocuruzucuatia.gob.ar\/wp\/wp-json\/wp\/v2\/tags?post=1008"}],"curies":[{"name":"wp","href":"https:\/\/api.w.org\/{rel}","templated":true}]}}